{"id":1344,"date":"2020-04-29T08:40:00","date_gmt":"2020-04-29T08:40:00","guid":{"rendered":"https:\/\/covid360.unl.pt\/?p=1344"},"modified":"2020-04-30T14:53:49","modified_gmt":"2020-04-30T14:53:49","slug":"salvar-vidas-salvar-a-economia-preparar-o-futuro","status":"publish","type":"post","link":"https:\/\/covid360.unl.pt\/?p=1344","title":{"rendered":"Salvar Vidas, Salvar a Economia, Preparar o futuro"},"content":{"rendered":"\n<p class=\"has-small-font-size\"><em>29 abr 2020<\/em><\/p>\n\n\n<p><img loading=\"lazy\" class=\"size-medium wp-image-1346 alignleft\" src=\"https:\/\/covid360.unl.pt\/wp-content\/uploads\/2020\/04\/relatorio_futuro-212x300.jpg\" alt=\"\" width=\"212\" height=\"300\" srcset=\"https:\/\/covid360.unl.pt\/wp-content\/uploads\/2020\/04\/relatorio_futuro-212x300.jpg 212w, https:\/\/covid360.unl.pt\/wp-content\/uploads\/2020\/04\/relatorio_futuro.jpg 300w\" sizes=\"(max-width: 212px) 100vw, 212px\" \/>Um conjunto de Professores da Universidade NOVA de Lisboa produziu o Relat\u00f3rio <em>ad hoc<\/em> \u201cSalvar Vidas, Salvar a Economia, Preparar o Futuro\u201d.<\/p>\n<p>O documento visa constituir uma ampla e multidisciplinar base de reflex\u00e3o, identificando desafios prementes e recomenda\u00e7\u00f5es poss\u00edveis para a fase de resposta \u00e0 pandemia que agora se inicia.<\/p>\n<p>Leia o <a href=\"https:\/\/covid360.unl.pt\/wp-content\/uploads\/2020\/04\/Relat\u00f3rioCompleto-NOVA-1-1.pdf\" target=\"_blank\" rel=\"noopener noreferrer\">Relat\u00f3rio<\/a> na integra.<!--more--><\/p>\n<h4><strong><br \/><br \/><br \/><br \/><br \/>Nas not\u00edcias<br \/><\/strong>Expresso &#8211; <a href=\"https:\/\/expresso.pt\/coronavirus\/2020-04-28-O-pais-pos-pandemia-os-cincos-eixos-que-os-especialistas-da-Nova-aconselham-ao-Governo\" target=\"_blank\" rel=\"noopener noreferrer\">O pa\u00eds p\u00f3s-pandemia: os cincos eixos que os especialistas da NOVA aconselham ao Governo<\/a><br \/>SIC Not\u00edcias &#8211; Pedro Brinca, Professor da Nova SBE e co-autor do Relat\u00f3rio &#8220;Salvar vidas, salvar a economia, preparar o futuro&#8221;, foi convidado pelo Jornal da Meia Noite para abordar a estrat\u00e9gia apresentada pelos especialistas da NOVA<\/h4>","protected":false},"excerpt":{"rendered":"<p>29 abr 2020 Um conjunto de Professores da Universidade NOVA de Lisboa produziu o Relat\u00f3rio ad hoc \u201cSalvar Vidas, Salvar a Economia, Preparar o Futuro\u201d. O documento visa constituir uma ampla e multidisciplinar base de reflex\u00e3o, identificando desafios prementes e recomenda\u00e7\u00f5es poss\u00edveis para a fase de resposta \u00e0 pandemia que agora se inicia. Leia o &#8230; <a title=\"Salvar Vidas, Salvar a Economia, Preparar o futuro\" class=\"read-more\" href=\"https:\/\/covid360.unl.pt\/?p=1344\">Ler mais <span class=\"screen-reader-text\">Salvar Vidas, Salvar a Economia, Preparar o futuro<\/span><\/a><\/p>\n","protected":false},"author":4,"featured_media":0,"comment_status":"closed","ping_status":"open","sticky":false,"template":"","format":"standard","meta":[],"categories":[4],"tags":[],"_links":{"self":[{"href":"https:\/\/covid360.unl.pt\/index.php?rest_route=\/wp\/v2\/posts\/1344"}],"collection":[{"href":"https:\/\/covid360.unl.pt\/index.php?rest_route=\/wp\/v2\/posts"}],"about":[{"href":"https:\/\/covid360.unl.pt\/index.php?rest_route=\/wp\/v2\/types\/post"}],"author":[{"embeddable":true,"href":"https:\/\/covid360.unl.pt\/index.php?rest_route=\/wp\/v2\/users\/4"}],"replies":[{"embeddable":true,"href":"https:\/\/covid360.unl.pt\/index.php?rest_route=%2Fwp%2Fv2%2Fcomments&post=1344"}],"version-history":[{"count":17,"href":"https:\/\/covid360.unl.pt\/index.php?rest_route=\/wp\/v2\/posts\/1344\/revisions"}],"predecessor-version":[{"id":1411,"href":"https:\/\/covid360.unl.pt\/index.php?rest_route=\/wp\/v2\/posts\/1344\/revisions\/1411"}],"wp:attachment":[{"href":"https:\/\/covid360.unl.pt\/index.php?rest_route=%2Fwp%2Fv2%2Fmedia&parent=1344"}],"wp:term":[{"taxonomy":"category","embeddable":true,"href":"https:\/\/covid360.unl.pt\/index.php?rest_route=%2Fwp%2Fv2%2Fcategories&post=1344"},{"taxonomy":"post_tag","embeddable":true,"href":"https:\/\/covid360.unl.pt\/index.php?rest_route=%2Fwp%2Fv2%2Ftags&post=1344"}],"curies":[{"name":"wp","href":"https:\/\/api.w.org\/{rel}","templated":true}]}}