{"id":1400,"date":"2020-04-30T15:12:28","date_gmt":"2020-04-30T15:12:28","guid":{"rendered":"https:\/\/covid360.unl.pt\/?p=1400"},"modified":"2020-05-04T10:43:18","modified_gmt":"2020-05-04T10:43:18","slug":"30-de-abril-de-2020","status":"publish","type":"post","link":"https:\/\/covid360.unl.pt\/?p=1400","title":{"rendered":"30 de abril de 2020"},"content":{"rendered":"<h3><strong>Mensagem do Reitor da NOVA, Professor Doutor Jo\u00e3o S\u00e0\u00e1gua<\/strong><\/h3>\n<blockquote><p>Caras e caros membros da Comunidade NOVA,<\/p>\n<p>Dado o fim do Estado de Emerg\u00eancia determinado pelo Presidente da Rep\u00fablica, a Universidade NOVA de Lisboa vai proceder ao levantamento faseado e seguro das restri\u00e7\u00f5es que dele advinham.<\/p>\n<p>A NOVA, que nunca parou em tempos de emerg\u00eancia, dir\u00e1, novamente, \u201cpresente!\u201d.<\/p><\/blockquote>\n<p><!--more--><\/p>\n<blockquote><p>Desde o in\u00edcio da crise pand\u00e9mica, tenho-me (tele)reunido diversas vezes com os Diretores das Unidades Org\u00e2nicas (UO), com os Servi\u00e7os de A\u00e7\u00e3o Social e com as Associa\u00e7\u00f5es de Estudantes, de forma a fazer um levantamento das necessidades, preocupa\u00e7\u00f5es e desafios que todos enfrentamos. Neste per\u00edodo, t\u00eam sido elaborados relat\u00f3rios quinzenais, que, agora, nos guiaram na identifica\u00e7\u00e3o das \u00e1reas e atividades que devem ser objeto principal do levantamento das medidas de conten\u00e7\u00e3o para garantir o sucesso deste 2\u00ba semestre acad\u00e9mico.<\/p>\n<p>Dada a autonomia das UO, bem como a sua heterogeneidade e multidisciplinaridade, compete aos seus \u00f3rg\u00e3os pr\u00f3prios, desde logo aos Diretores, o desenho, a aplica\u00e7\u00e3o e a comunica\u00e7\u00e3o das medidas concretas de regresso \u00e0 atividade presencial, em quaisquer das suas \u00e1reas de atividade. Essas medidas devem respeitar o &#8221; Plano Geral da NOVA para reativa\u00e7\u00e3o faseada das atividades presenciais &#8220;, que foi objeto de Despacho Reitoral hoje tamb\u00e9m publicado.<\/p>\n<p>O Plano \u00e9 muito detalhado e deve ser lido com aten\u00e7\u00e3o. Ele prescreve, por exemplo, o uso obrigat\u00f3rio de m\u00e1scaras \u2013 que ser\u00e3o disponibilizadas gratuitamente pela NOVA at\u00e9 ao final do semestre \u2013, o distanciamento social obrigat\u00f3rio em todas as situa\u00e7\u00f5es presenciais, e a prefer\u00eancia por ensino \u00e0 dist\u00e2ncia e teletrabalho, sempre que poss\u00edvel.<\/p>\n<p>Este Plano vigorar\u00e1 de 4 de maio a 31 de agosto, sendo permanentemente avaliado. Para isso, criei uma comiss\u00e3o de acompanhamento, que coordenarei, de forma a monitorizarmos este processo gradual de abertura e a revermos as nossas pol\u00edticas, sempre que se justifique e que novas normas das autoridades sejam adotadas, consoante o evoluir da pandemia.<\/p>\n<p>Estou certo de que neste regresso saberemos lidar e vencer os nossos tr\u00eas inimigos principais: o medo, o des\u00e2nimo e o descuido. A interajuda, o esp\u00edrito de servi\u00e7o p\u00fablico e a nossa pr\u00f3pria determina\u00e7\u00e3o individual s\u00e3o, mais do que nunca, essenciais.<\/p>\n<p>Sempre focada na miss\u00e3o de servir a sociedade atrav\u00e9s do conhecimento, a NOVA ir\u00e1 abrir ao m\u00e1ximo as atividades presenciais necess\u00e1rias, comprometendo ao m\u00ednimo a seguran\u00e7a de todos.<\/p>\n<p>Com os melhores votos,<\/p>\n<p>Jo\u00e3o S\u00e0\u00e1gua<br \/>\nReitor da Universidade NOVA de Lisboa<\/p><\/blockquote>\n<p><!--more--><\/p>\n<ul>\n<li><a href=\"https:\/\/covid360.unl.pt\/wp-content\/uploads\/2020\/04\/Desp.-Reitoral-n\u00ba-130_Levantamento-Faseado-das-Medidas-COVID-19.pdf\" target=\"_blank\" rel=\"noopener noreferrer\">Despacho Reitoral N\u00ba130 \/ 2020:Levantamento Faseado das Medidas de Conten\u00e7\u00e3o na Universidade Nova de Lisboa<\/a><\/li>\n<li><a href=\"https:\/\/covid360.unl.pt\/wp-content\/uploads\/2020\/04\/Anexo-1_Levantamento-de-Medidas-de-Conten\u00e7\u00e3o.pdf\" target=\"_blank\" rel=\"noopener noreferrer\">Anexo 1:<strong>\u00a0<\/strong>Plano Geral do levantamento das medidas de conten\u00e7\u00e3o e reactiva\u00e7\u00e3o faseada das actividades presenciais<\/a><\/li>\n<li><a href=\"https:\/\/covid360.unl.pt\/wp-content\/uploads\/2020\/04\/Anexo-2.-Uso-de-M\u00e1scara.pdf\" target=\"_blank\" rel=\"noopener noreferrer\">Anexo 2:<strong>\u00a0<\/strong>Uso de M\u00e1scara<\/a><\/li>\n<\/ul>\n","protected":false},"excerpt":{"rendered":"<p>Mensagem do Reitor da NOVA, Professor Doutor Jo\u00e3o S\u00e0\u00e1gua Caras e caros membros da Comunidade NOVA, Dado o fim do Estado de Emerg\u00eancia determinado pelo Presidente da Rep\u00fablica, a Universidade NOVA de Lisboa vai proceder ao levantamento faseado e seguro das restri\u00e7\u00f5es que dele advinham. A NOVA, que nunca parou em tempos de emerg\u00eancia, dir\u00e1, &#8230; <a title=\"30 de abril de 2020\" class=\"read-more\" href=\"https:\/\/covid360.unl.pt\/?p=1400\">Ler mais <span class=\"screen-reader-text\">30 de abril de 2020<\/span><\/a><\/p>\n","protected":false},"author":3,"featured_media":0,"comment_status":"closed","ping_status":"open","sticky":false,"template":"","format":"standard","meta":[],"categories":[9],"tags":[],"_links":{"self":[{"href":"https:\/\/covid360.unl.pt\/index.php?rest_route=\/wp\/v2\/posts\/1400"}],"collection":[{"href":"https:\/\/covid360.unl.pt\/index.php?rest_route=\/wp\/v2\/posts"}],"about":[{"href":"https:\/\/covid360.unl.pt\/index.php?rest_route=\/wp\/v2\/types\/post"}],"author":[{"embeddable":true,"href":"https:\/\/covid360.unl.pt\/index.php?rest_route=\/wp\/v2\/users\/3"}],"replies":[{"embeddable":true,"href":"https:\/\/covid360.unl.pt\/index.php?rest_route=%2Fwp%2Fv2%2Fcomments&post=1400"}],"version-history":[{"count":6,"href":"https:\/\/covid360.unl.pt\/index.php?rest_route=\/wp\/v2\/posts\/1400\/revisions"}],"predecessor-version":[{"id":1433,"href":"https:\/\/covid360.unl.pt\/index.php?rest_route=\/wp\/v2\/posts\/1400\/revisions\/1433"}],"wp:attachment":[{"href":"https:\/\/covid360.unl.pt\/index.php?rest_route=%2Fwp%2Fv2%2Fmedia&parent=1400"}],"wp:term":[{"taxonomy":"category","embeddable":true,"href":"https:\/\/covid360.unl.pt\/index.php?rest_route=%2Fwp%2Fv2%2Fcategories&post=1400"},{"taxonomy":"post_tag","embeddable":true,"href":"https:\/\/covid360.unl.pt\/index.php?rest_route=%2Fwp%2Fv2%2Ftags&post=1400"}],"curies":[{"name":"wp","href":"https:\/\/api.w.org\/{rel}","templated":true}]}}