{"id":1468,"date":"2020-05-01T11:15:00","date_gmt":"2020-05-01T11:15:00","guid":{"rendered":"https:\/\/covid360.unl.pt\/?p=1468"},"modified":"2020-05-08T10:28:19","modified_gmt":"2020-05-08T10:28:19","slug":"os-efeitos-da-infeccao-por-covid-19-durante-a-gravidez-e-o-prognostico-neonatal","status":"publish","type":"post","link":"https:\/\/covid360.unl.pt\/?p=1468","title":{"rendered":"Os efeitos da infec\u00e7\u00e3o por Covid-19 durante a gravidez e o progn\u00f3stico neonatal"},"content":{"rendered":"\n<p class=\"has-small-font-size\"><em>1 mai 2020<\/em><\/p>\n\n\n<div style=\"font-size: 15px; margin-bottom: 1rem;\"><em style=\"background-color: initial;\"><strong>\u00c1lvaro Francisco Lopes Sousa<\/strong><span style=\"color: #999999;\"><sup>1,2<\/sup><\/span><strong>, Herica Emilia F\u00e9lix de Carvalho<\/strong><span style=\"color: #999999;\"><sup>2<\/sup><\/span><strong>, Layze Braz de Oliveira<\/strong><span style=\"color: #999999;\"><sup>2<\/sup><\/span><strong>, Guilherme Schneider<\/strong><span style=\"color: #999999;\"><sup>2<\/sup><\/span><strong>, Emerson Lucas Silva Camargo<\/strong><span style=\"color: #999999;\"><sup>2<\/sup><\/span><strong>, Evandro Watanabe<\/strong><span style=\"color: #999999;\"><sup>2<\/sup><\/span><strong>, Denise de Andrade<\/strong><span style=\"color: #999999;\"><sup>2<\/sup><\/span><strong>, Ana F\u00e1tima Carvalho<\/strong><span style=\"color: #999999;\"><sup>3<\/sup><\/span><strong>, Isabel Am\u00e9lia Costa Mendes<\/strong><span style=\"color: #999999;\"><sup>2<\/sup><\/span><strong>, In\u00eas Fronteira<\/strong><span style=\"color: #999999;\"><sup>1<br \/><\/sup><\/span><\/em><em><span style=\"color: #999999;\"><sup>1<\/sup><\/span> Instituto de Higiene e Medicina Tropical &#8211; NOVA, Portugal<\/em><br \/><em><span style=\"color: #999999;\"><sup>2<\/sup><\/span> Universidade de S\u00e3o Paulo, Brasil<\/em><br \/><em><em><span style=\"color: #999999;\"><sup>3<\/sup><\/span> Universidade Federal do Cear\u00e1, Brasil<\/em><\/em><\/div>\n<div>\n<p><img loading=\"lazy\" class=\"size-full wp-image-1476 alignleft\" src=\"https:\/\/covid360.unl.pt\/wp-content\/uploads\/2020\/05\/gravida_covid.jpg\" alt=\"\" width=\"300\" height=\"180\" \/>Pouco se sabe sobre como a infec\u00e7\u00e3o por Covid-19 afeta as mulheres gr\u00e1vidas, bem como sobre a possibilidade de transmiss\u00e3o vertical ou de parto prematuro. Com o objetivo de identificar evid\u00eancias que possam orientar pol\u00edticas de sa\u00fade p\u00fablicas, um grupo de investigadores, do qual fazem parte dois investigadores do IHMT-NOVA<span style=\"color: #999999;\"><sup>1<\/sup><\/span>, desenvolveram o estudo <em>\u201cEffects of Covid-19 infection during pregnancy and neonatal prognosis: What is the evidence?\u201d.<\/em><\/p>\n<p><!--more--><span style=\"font-size: inherit; background-color: initial;\"><br \/>O artigo foi submetido para publica\u00e7\u00e3o numa revista cient\u00edfica, j\u00e1 foi avaliado e est\u00e1, neste momento, a ser revisto pelos autores. Est\u00e3o a ser feitas as modifica\u00e7\u00f5es em conformidade com as sugest\u00f5es dos revisores para aceita\u00e7\u00e3o do artigo pela revista mas, j\u00e1 <\/span><a style=\"font-size: inherit; background-color: initial;\" href=\"https:\/\/www.medrxiv.org\/content\/10.1101\/2020.04.17.20069435v1\" target=\"_blank\" rel=\"noopener noreferrer\">pode ser lido, ainda que em vers\u00e3o pr\u00e9-impress\u00e3o, no site medRxiv<\/a><span style=\"font-size: inherit; background-color: initial;\"> e no reposit\u00f3rio bioRxiv.<\/span><\/p>\n<\/div>\n<p>Os investigadores recorreram \u00e0 revis\u00e3o da literatura, com o levantamento da produ\u00e7\u00e3o cient\u00edfica nesta \u00e1rea de estudo, e analisaram 119 gr\u00e1vidas com idade entre 22 e 42 anos e entre 12 e 41 semanas. A maioria das gr\u00e1vidas adquiriu a infec\u00e7\u00e3o no terceiro trimestre da gravidez, 97,4% foram diagnosticadas antes do internamento com base em sinais e sintomas. N\u00e3o houve morte materna e n\u00e3o foi confirmada nenhuma transmiss\u00e3o a partir da m\u00e3e para o seu feto no \u00fatero ou rec\u00e9m-nascido durante o parto.<\/p>\n<p>As conclus\u00f5es deste estudo mostram que as gr\u00e1vidas devem ser cautelosas e vigilantes, pois a sua exposi\u00e7\u00e3o ao v\u00edrus, mesmo que no final da gravidez, pode ter repercuss\u00f5es importantes, principalmente no tipo de parto.<\/p>\n<p>Leia a <a href=\"https:\/\/www.medrxiv.org\/content\/10.1101\/2020.04.17.20069435v1.full.pdf\" target=\"_blank\" rel=\"noopener noreferrer\">vers\u00e3o pr\u00e9-impress\u00e3o do artigo na \u00edntegra<\/a> (texto em ingl\u00eas).<\/p>\n<p style=\"text-align: right;\"><span style=\"color: #999999; font-size: 12px;\">Photo by <a style=\"color: #999999;\" href=\"https:\/\/unsplash.com\/@cassidyrowell?utm_source=unsplash&amp;utm_medium=referral&amp;utm_content=creditCopyText\">Cassidy Rowell<\/a>\u00a0on\u00a0<a style=\"color: #999999;\" href=\"https:\/\/unsplash.com\/@cassidyrowell?utm_source=unsplash&amp;utm_medium=referral&amp;utm_content=creditCopyText\">Unsplash<\/a><\/span><\/p>\n<h4><strong>_<br \/>Nas not\u00edcias<\/strong><br \/>Time24 News &#8211; <a href=\"https:\/\/www.time24.news\/t24\/2020\/05\/sic-noticias-researchers-advise-extra-care-throughout-pregnancy.html\" target=\"_blank\" rel=\"noopener noreferrer\">&#8220;Researchers advise extra care throughout pregnancy&#8221;<\/a><br \/>Di\u00e1rio de Not\u00edcias &#8211; <a href=\"https:\/\/www.dnoticias.pt\/mundo\/investigadores-aconselham-cuidados-redobrados-em-toda-a-gravidez-EY6230017\" target=\"_blank\" rel=\"noopener noreferrer\">&#8220;Investigadores aconselham cuidados redobrados em toda a gravidez&#8221;<\/a><br \/>Observador &#8211; <a href=\"https:\/\/observador.pt\/2020\/05\/07\/investigadores-aconselham-cuidados-redobrados-em-toda-a-gravidez\/\" target=\"_blank\" rel=\"noopener noreferrer\">&#8220;Investigadores aconselham cuidados redobrados em toda a gravidez&#8221;<\/a><br \/>TSF &#8211; <a href=\"https:\/\/www.tsf.pt\/portugal\/investigadores-aconselham-cuidados-redobrados-em-toda-a-gravidez-12165225.html\" target=\"_blank\" rel=\"noopener noreferrer\">&#8220;Investigadores aconselham cuidados redobrados em toda a gravidez&#8221;<\/a><br \/>Not\u00edcias ao Minuto &#8211; <a href=\"https:\/\/www.noticiasaominuto.com\/lifestyle\/1473706\/covid-19-investigadores-aconselham-cuidados-redobrados-na-gravidez\" target=\"_blank\" rel=\"noopener noreferrer\">&#8220;Covid-19: Investigadores aconselham cuidados redobrados na gravidez&#8221;<\/a><br \/>TVI24 &#8211; <a href=\"https:\/\/tvi24.iol.pt\/sociedade\/coronavirus\/covid-19-investigadores-aconselham-cuidados-redobrados-em-toda-a-gravidez\" target=\"_blank\" rel=\"noopener noreferrer\">&#8220;Covid-19: investigadores aconselham cuidados redobrados em toda a gravidez&#8221;<\/a><br \/>SIC Not\u00edcias &#8211; <a href=\"https:\/\/sicnoticias.pt\/especiais\/coronavirus\/2020-05-07-Investigadores-aconselham-cuidados-redobrados-durante-toda-a-gravidez\" target=\"_blank\" rel=\"noopener noreferrer\">&#8220;Investigadores aconselham cuidados redobrados durante toda a gravidez&#8221;<\/a><\/h4>","protected":false},"excerpt":{"rendered":"<p>1 mai 2020 \u00c1lvaro Francisco Lopes Sousa1,2, Herica Emilia F\u00e9lix de Carvalho2, Layze Braz de Oliveira2, Guilherme Schneider2, Emerson Lucas Silva Camargo2, Evandro Watanabe2, Denise de Andrade2, Ana F\u00e1tima Carvalho3, Isabel Am\u00e9lia Costa Mendes2, In\u00eas Fronteira11 Instituto de Higiene e Medicina Tropical &#8211; NOVA, Portugal2 Universidade de S\u00e3o Paulo, Brasil3 Universidade Federal do Cear\u00e1, Brasil &#8230; <a title=\"Os efeitos da infec\u00e7\u00e3o por Covid-19 durante a gravidez e o progn\u00f3stico neonatal\" class=\"read-more\" href=\"https:\/\/covid360.unl.pt\/?p=1468\">Ler mais <span class=\"screen-reader-text\">Os efeitos da infec\u00e7\u00e3o por Covid-19 durante a gravidez e o progn\u00f3stico neonatal<\/span><\/a><\/p>\n","protected":false},"author":4,"featured_media":0,"comment_status":"closed","ping_status":"open","sticky":false,"template":"","format":"standard","meta":[],"categories":[5],"tags":[],"_links":{"self":[{"href":"https:\/\/covid360.unl.pt\/index.php?rest_route=\/wp\/v2\/posts\/1468"}],"collection":[{"href":"https:\/\/covid360.unl.pt\/index.php?rest_route=\/wp\/v2\/posts"}],"about":[{"href":"https:\/\/covid360.unl.pt\/index.php?rest_route=\/wp\/v2\/types\/post"}],"author":[{"embeddable":true,"href":"https:\/\/covid360.unl.pt\/index.php?rest_route=\/wp\/v2\/users\/4"}],"replies":[{"embeddable":true,"href":"https:\/\/covid360.unl.pt\/index.php?rest_route=%2Fwp%2Fv2%2Fcomments&post=1468"}],"version-history":[{"count":56,"href":"https:\/\/covid360.unl.pt\/index.php?rest_route=\/wp\/v2\/posts\/1468\/revisions"}],"predecessor-version":[{"id":1638,"href":"https:\/\/covid360.unl.pt\/index.php?rest_route=\/wp\/v2\/posts\/1468\/revisions\/1638"}],"wp:attachment":[{"href":"https:\/\/covid360.unl.pt\/index.php?rest_route=%2Fwp%2Fv2%2Fmedia&parent=1468"}],"wp:term":[{"taxonomy":"category","embeddable":true,"href":"https:\/\/covid360.unl.pt\/index.php?rest_route=%2Fwp%2Fv2%2Fcategories&post=1468"},{"taxonomy":"post_tag","embeddable":true,"href":"https:\/\/covid360.unl.pt\/index.php?rest_route=%2Fwp%2Fv2%2Ftags&post=1468"}],"curies":[{"name":"wp","href":"https:\/\/api.w.org\/{rel}","templated":true}]}}