{"id":1498,"date":"2020-05-06T09:14:04","date_gmt":"2020-05-06T09:14:04","guid":{"rendered":"https:\/\/covid360.unl.pt\/?p=1498"},"modified":"2020-05-21T16:06:54","modified_gmt":"2020-05-21T16:06:54","slug":"ihmt-nova-e-apah-promovem-ciclo-de-webinars-sobre-o-virus-que-mudou-mundo","status":"publish","type":"post","link":"https:\/\/covid360.unl.pt\/?p=1498","title":{"rendered":"IHMT-NOVA e APAH promovem ciclo de webinars sobre o v\u00edrus que mudou mundo"},"content":{"rendered":"\n<p class=\"has-small-font-size\"><em>4 mai 2020<\/em><\/p>\n\n\n<p><img loading=\"lazy\" class=\"size-medium wp-image-1499 alignleft\" src=\"https:\/\/covid360.unl.pt\/wp-content\/uploads\/2020\/05\/WEBINARS_IHMT-300x161.jpg\" alt=\"\" width=\"300\" height=\"161\" srcset=\"https:\/\/covid360.unl.pt\/wp-content\/uploads\/2020\/05\/WEBINARS_IHMT-300x161.jpg 300w, https:\/\/covid360.unl.pt\/wp-content\/uploads\/2020\/05\/WEBINARS_IHMT.jpg 336w\" sizes=\"(max-width: 300px) 100vw, 300px\" \/>O IHMT-NOVA e a <a href=\"https:\/\/apah.pt\/\" target=\"_blank\" rel=\"noopener noreferrer\">Associa\u00e7\u00e3o Portuguesa de Administradores Hospitalares<\/a>, com o apoio do <a href=\"https:\/\/www.ciencialp.pt\/\" target=\"_blank\" rel=\"noopener noreferrer\">Centro de Ci\u00eancia LP<\/a> e da <a href=\"http:\/\/cmlp.org.br\/\" target=\"_blank\" rel=\"noopener noreferrer\">Comunidade M\u00e9dica de L\u00edngua Portuguesa<\/a>, promovem um ciclo de webinars dedicados \u00e0 reflex\u00e3o sobre a COVID-19, com especial enfoque no impacto nos Sistemas de Sa\u00fade dos Pa\u00edses Africanos de Express\u00e3o Portuguesa.<\/p>\n<p><!--more-->Os webinars ter\u00e3o periodicidade semanal, todas as sexta-feiras, com dura\u00e7\u00e3o de 60 minutos, e contar\u00e3o com a participa\u00e7\u00e3o de nomes de refer\u00eancia na \u00e1rea da medicina e investiga\u00e7\u00e3o cient\u00edfica. Para a primeira s\u00e9rie, intitulada \u201cO que sabemos sobre a COVID-19\u201d, j\u00e1 est\u00e3o em agenda seis webinars, a que se seguir\u00e1 uma segunda s\u00e9rie sobre \u201cComo reorganizar os sistemas de sa\u00fade na era COVID-19\u201c.<\/p>\n<p>O primeiro webinar &#8211; \u201cO V\u00edrus e as Suas Especificidades\u201d &#8211; acontece dia 8 de maio (<a href=\"https:\/\/us02web.zoom.us\/webinar\/register\/WN_QTaLXdaaTdqlfySkUVanuw\" target=\"_blank\" rel=\"noopener noreferrer\">para participar<\/a>).<\/p>\n<p>Mais informa\u00e7\u00f5es no <a href=\"https:\/\/www.ihmt.unl.pt\/ihmt-e-apah-promovem-troca-de-ideias-e-saberes-sobre-o-virus-que-mudou-mundo\/\" target=\"_blank\" rel=\"noopener noreferrer\">site do IHMT-NOVA<\/a>.<\/p>\n<p><strong>_<br \/><\/strong><strong>Nas not\u00edcias<\/strong><br \/>Health News &#8211; <a href=\"https:\/\/healthnews.pt\/2020\/05\/07\/covid-19-instituto-de-higiene-e-medicina-tropical-organiza-serie-de-webinars\/\" target=\"_blank\" rel=\"noopener noreferrer\">&#8220;IHMT NOVA e APAH promovem troca de ideias e saberes sobre o v\u00edrus que mudou mundo&#8221;<\/a><br \/>News Farma &#8211; <a href=\"https:\/\/covid19.newsfarma.pt\/aparecimento-e-desenvolvimento-da-pandemia-na-asia-europa-e-africa\/\" target=\"_blank\" rel=\"noopener noreferrer\">&#8220;Aparecimento e desenvolvimento da pandemia na \u00c1sia, Europa e \u00c1frica&#8221;<\/a><br \/>Atlas da Sa\u00fade &#8211; <a href=\"https:\/\/www.atlasdasaude.pt\/noticias\/instituto-de-higiene-e-medicina-tropical-promove-novo-webinar-sobre-pandemia\" target=\"_blank\" rel=\"noopener noreferrer\">&#8220;Instituto de Higiene e Medicina Tropical promove novo webinar sobre a pandemia&#8221;<\/a><\/p>","protected":false},"excerpt":{"rendered":"<p>4 mai 2020 O IHMT-NOVA e a Associa\u00e7\u00e3o Portuguesa de Administradores Hospitalares, com o apoio do Centro de Ci\u00eancia LP e da Comunidade M\u00e9dica de L\u00edngua Portuguesa, promovem um ciclo de webinars dedicados \u00e0 reflex\u00e3o sobre a COVID-19, com especial enfoque no impacto nos Sistemas de Sa\u00fade dos Pa\u00edses Africanos de Express\u00e3o Portuguesa.<\/p>\n","protected":false},"author":4,"featured_media":0,"comment_status":"closed","ping_status":"open","sticky":false,"template":"","format":"standard","meta":[],"categories":[4],"tags":[],"_links":{"self":[{"href":"https:\/\/covid360.unl.pt\/index.php?rest_route=\/wp\/v2\/posts\/1498"}],"collection":[{"href":"https:\/\/covid360.unl.pt\/index.php?rest_route=\/wp\/v2\/posts"}],"about":[{"href":"https:\/\/covid360.unl.pt\/index.php?rest_route=\/wp\/v2\/types\/post"}],"author":[{"embeddable":true,"href":"https:\/\/covid360.unl.pt\/index.php?rest_route=\/wp\/v2\/users\/4"}],"replies":[{"embeddable":true,"href":"https:\/\/covid360.unl.pt\/index.php?rest_route=%2Fwp%2Fv2%2Fcomments&post=1498"}],"version-history":[{"count":14,"href":"https:\/\/covid360.unl.pt\/index.php?rest_route=\/wp\/v2\/posts\/1498\/revisions"}],"predecessor-version":[{"id":1993,"href":"https:\/\/covid360.unl.pt\/index.php?rest_route=\/wp\/v2\/posts\/1498\/revisions\/1993"}],"wp:attachment":[{"href":"https:\/\/covid360.unl.pt\/index.php?rest_route=%2Fwp%2Fv2%2Fmedia&parent=1498"}],"wp:term":[{"taxonomy":"category","embeddable":true,"href":"https:\/\/covid360.unl.pt\/index.php?rest_route=%2Fwp%2Fv2%2Fcategories&post=1498"},{"taxonomy":"post_tag","embeddable":true,"href":"https:\/\/covid360.unl.pt\/index.php?rest_route=%2Fwp%2Fv2%2Ftags&post=1498"}],"curies":[{"name":"wp","href":"https:\/\/api.w.org\/{rel}","templated":true}]}}