{"id":2003,"date":"2020-05-22T10:25:30","date_gmt":"2020-05-22T10:25:30","guid":{"rendered":"https:\/\/covid360.unl.pt\/?p=2003"},"modified":"2020-05-23T08:27:47","modified_gmt":"2020-05-23T08:27:47","slug":"voltar-a-jogar-apos-o-covid-19-a-visao-de-um-cardiologista-desportivo","status":"publish","type":"post","link":"https:\/\/covid360.unl.pt\/?p=2003","title":{"rendered":"Voltar a jogar ap\u00f3s o COVID-19: a perspectiva de um Cardiologista Desportivo"},"content":{"rendered":"\n<p class=\"has-small-font-size\"><em>13 mai 2020<\/em><\/p>\n\n\n<p><strong><em><img loading=\"lazy\" class=\"size-full wp-image-2004 alignleft\" src=\"https:\/\/covid360.unl.pt\/wp-content\/uploads\/2020\/05\/fpf_covid.jpg\" alt=\"\" width=\"300\" height=\"180\">H\u00e9lder Dores e Nuno Cardim<\/em><\/strong><br><span style=\"color: #000000;\"><em>NOVA Medical School | Faculdade de Ci\u00eancias M\u00e9dicas, Universidade NOVA de Lisboa<\/em><\/span><\/p>\n\n\n<p>Sabendo que o exerc\u00edcio f\u00edsico pode contribuir para o desenvolvimento de algumas condi\u00e7\u00f5es cardiovasculares, mesmo em indiv\u00edduos aparentemente saud\u00e1veis, dois Docentes da NMS|FCM, H\u00e9lder Dores e Nuno Cardim, consideram que \u00e9 prematuro reiniciar os treinos e as competi\u00e7\u00f5es antes de um controlo claro desta infec\u00e7\u00e3o.<\/p>\n\n\n\n<!--more-->\n\n\n\n<p>Apesar das muitas d\u00favidas que ainda restam sobre as implica\u00e7\u00f5es da doen\u00e7a Covid-19, existe uma grande press\u00e3o para o regresso das competi\u00e7\u00f5es desportivas, principalmente no futebol, devido a factores econ\u00f3micos e competitivos.<\/p>\n\n\n\n<p>Os Investigadores H\u00e9lder Dores e Nuno Cardim publicaram um Editorial na <a rel=\"noreferrer noopener\" aria-label=\"British Journal of Sports Medicine (BJSM) (opens in a new tab)\" href=\"https:\/\/bjsm.bmj.com\/\" target=\"_blank\">British Journal of Sports Medicine (BJSM)<\/a>, uma revista cient\u00edfica de medicina desportiva, onde alertam que \u00e9 necess\u00e1rio esclarecer melhor a evolu\u00e7\u00e3o da doen\u00e7a Covid-19 e as poss\u00edveis complica\u00e7\u00f5es cardiorrespirat\u00f3rias a longo prazo. Para estes dois Cardiologistas, num contexto de incerteza, \u00e9 essencial garantir condi\u00e7\u00f5es seguras para a protec\u00e7\u00e3o de todos os envolvidos antes de se retomar as atividades desportivas &#8211; um \u00fanico atleta pode ser um foco de transmiss\u00e3o.<\/p>\n\n\n\n<p>Neste artigo fica patente que os m\u00e9dicos se devem envolver na decis\u00e3o e contribuir para estabelecer protocolos espec\u00edficos de avalia\u00e7\u00e3o aos atletas afetados pela Covid-19. Face \u00e0s complica\u00e7\u00f5es diretas da doen\u00e7a e aos poss\u00edveis efeitos adversos de alguns medicamentos utilizados no tratamento da Covid-19 (por exemplo, antibi\u00f3ticos, medicamentos antivirais, anti-inflamat\u00f3rios ou imunossupressores), com implica\u00e7\u00f5es no exerc\u00edcio f\u00edsico, H\u00e9lder Dores e Nuno Cardim concluem que a avalia\u00e7\u00e3o card\u00edaca \u00e9 de extrema import\u00e2ncia. <\/p>\n\n\n\n<p>Leia o <a rel=\"noreferrer noopener\" aria-label=\"artigo na \u00edntegra (opens in a new tab)\" href=\"https:\/\/bjsm.bmj.com\/content\/early\/2020\/05\/21\/bjsports-2020-102482\" target=\"_blank\">Editorial na \u00edntegra<\/a> (texto em ingl\u00eas).<\/p>\n\n\n\n<p class=\"has-text-color has-text-align-right has-small-font-size has-cyan-bluish-gray-color\">Photo on <a href=\"https:\/\/www.fpf.pt\/News\/Todas-as-not%C3%ADcias\/Not%C3%ADcia\/news\/26795\" target=\"_blank\" rel=\"noreferrer noopener\" aria-label=\"fpf.pt (opens in a new tab)\">fpf.pt<\/a><\/p>\n\n\n\n<p style=\"font-size:15px\"><strong>_<br>Nas not\u00edcias<\/strong><br>Tribuna Expresso &#8211; <a href=\"https:\/\/tribunaexpresso.pt\/coronavirus\/2020-05-13-Covid-19.-Atletas-infetados-em-risco-de-sofrer-arritmias.-Medicos-alertam-para-necessidade-de-exames-previos-2?fbclid=IwAR13aGJM2FzYBqIUxHxoPt-Al76Qx_LTbgtWE_7ZDBsP1NcFIvoYnhzndGU\" target=\"_blank\" rel=\"noreferrer noopener\" aria-label=\"Covid-19. Atletas infetados em risco de sofrer arritmias. M\u00e9dicos alertam para necessidade de exames pr\u00e9vios (opens in a new tab)\">Covid-19. Atletas infetados em risco de sofrer arritmias. M\u00e9dicos alertam para necessidade de exames pr\u00e9vios<\/a><\/p>\n","protected":false},"excerpt":{"rendered":"<p>13 mai 2020 H\u00e9lder Dores e Nuno CardimNOVA Medical School | Faculdade de Ci\u00eancias M\u00e9dicas, Universidade NOVA de Lisboa Sabendo que o exerc\u00edcio f\u00edsico pode contribuir para o desenvolvimento de algumas condi\u00e7\u00f5es cardiovasculares, mesmo em indiv\u00edduos aparentemente saud\u00e1veis, dois Docentes da NMS|FCM, H\u00e9lder Dores e Nuno Cardim, consideram que \u00e9 prematuro reiniciar os treinos e &#8230; <a title=\"Voltar a jogar ap\u00f3s o COVID-19: a perspectiva de um Cardiologista Desportivo\" class=\"read-more\" href=\"https:\/\/covid360.unl.pt\/?p=2003\">Ler mais <span class=\"screen-reader-text\">Voltar a jogar ap\u00f3s o COVID-19: a perspectiva de um Cardiologista Desportivo<\/span><\/a><\/p>\n","protected":false},"author":4,"featured_media":0,"comment_status":"closed","ping_status":"open","sticky":false,"template":"","format":"standard","meta":[],"categories":[5],"tags":[],"_links":{"self":[{"href":"https:\/\/covid360.unl.pt\/index.php?rest_route=\/wp\/v2\/posts\/2003"}],"collection":[{"href":"https:\/\/covid360.unl.pt\/index.php?rest_route=\/wp\/v2\/posts"}],"about":[{"href":"https:\/\/covid360.unl.pt\/index.php?rest_route=\/wp\/v2\/types\/post"}],"author":[{"embeddable":true,"href":"https:\/\/covid360.unl.pt\/index.php?rest_route=\/wp\/v2\/users\/4"}],"replies":[{"embeddable":true,"href":"https:\/\/covid360.unl.pt\/index.php?rest_route=%2Fwp%2Fv2%2Fcomments&post=2003"}],"version-history":[{"count":8,"href":"https:\/\/covid360.unl.pt\/index.php?rest_route=\/wp\/v2\/posts\/2003\/revisions"}],"predecessor-version":[{"id":2033,"href":"https:\/\/covid360.unl.pt\/index.php?rest_route=\/wp\/v2\/posts\/2003\/revisions\/2033"}],"wp:attachment":[{"href":"https:\/\/covid360.unl.pt\/index.php?rest_route=%2Fwp%2Fv2%2Fmedia&parent=2003"}],"wp:term":[{"taxonomy":"category","embeddable":true,"href":"https:\/\/covid360.unl.pt\/index.php?rest_route=%2Fwp%2Fv2%2Fcategories&post=2003"},{"taxonomy":"post_tag","embeddable":true,"href":"https:\/\/covid360.unl.pt\/index.php?rest_route=%2Fwp%2Fv2%2Ftags&post=2003"}],"curies":[{"name":"wp","href":"https:\/\/api.w.org\/{rel}","templated":true}]}}