{"id":2019,"date":"2020-05-22T13:53:06","date_gmt":"2020-05-22T13:53:06","guid":{"rendered":"https:\/\/covid360.unl.pt\/?p=2019"},"modified":"2020-05-25T11:49:54","modified_gmt":"2020-05-25T11:49:54","slug":"universidade-nova-comeca-testes-serologicos-a-comunidade-academica","status":"publish","type":"post","link":"https:\/\/covid360.unl.pt\/?p=2019","title":{"rendered":"Universidade NOVA come\u00e7a testes serol\u00f3gicos \u00e0 comunidade acad\u00e9mica"},"content":{"rendered":"\n<p class=\"has-small-font-size\"><em>22 mai 2020<\/em><\/p>\n\n\n<p><img loading=\"lazy\" class=\"size-full wp-image-2022 alignleft\" src=\"https:\/\/covid360.unl.pt\/wp-content\/uploads\/2020\/05\/site.png\" alt=\"\" width=\"300\" height=\"180\">A Universidade NOVA de Lisboa vai come\u00e7ar a realizar testes serol\u00f3gicos \u00e0 comunidade acad\u00e9mica. Ser\u00e3o testados professores, investigadores, funcion\u00e1rios e alunos que frequentam aulas presenciais e ainda todos os que est\u00e3o em resid\u00eancias universit\u00e1rias. Os testes, gratuitos e volunt\u00e1rios, v\u00e3o ser efetuados em todas as faculdades, institutos e escola da NOVA, bem como na Reitoria.<\/p>\n\n\n<!--more-->\n\n\n\n<p><\/p>\n\n\n\n<p>Realizada a colheita de sangue, as amostras s\u00e3o, posteriormente, analisadas na NOVA Medical School|Faculdade de Ci\u00eancias M\u00e9dicas (NMS|FCM). Esta \u00e9 mais uma iniciativa que a NOVA desenvolve para garantir as melhores condi\u00e7\u00f5es sanit\u00e1rias e de seguran\u00e7a, tendo em vista o atual e o pr\u00f3ximo ano acad\u00e9mico (2020-21).<\/p>\n\n\n\n<p>Estes testes serol\u00f3gicos foram desenhados no \u00e2mbito do Cons\u00f3rcio Serology4COVID, que junta o Centro de Estudos de Doen\u00e7as Cr\u00f3nicas da NMS|FCM, o Instituto de Tecnologia Qu\u00edmica e Biol\u00f3gica (ITQB NOVA), o Instituto de Biologia Experimental e Tecnol\u00f3gica (iBET), o Instituto Gulbenkian de Ci\u00eancia (IGC) e o Instituto de Medicina Molecular (IMM).<\/p>\n\n\n\n<p>O objetivo do cons\u00f3rcio \u00e9 o desenho de ensaios serol\u00f3gicos que permitam reconstruir o passado e identificar quem esteve infetado com o novo coronav\u00edrus e poder\u00e1 ter ganho imunidade. Desta forma, \u00e9 poss\u00edvel ter um panorama mais realista e completo do que se passou no pa\u00eds, de modo a poderem ser implementadas novas estrat\u00e9gias para controlar a propaga\u00e7\u00e3o da doen\u00e7a e minimizar as suas consequ\u00eancias para a sa\u00fade, sociedade e economia.<\/p>\n\n\n\n<p style=\"font-size:15px\"><strong>_<br>Nas not\u00edcias<\/strong><br>Lusa &#8211; <a rel=\"noreferrer noopener\" href=\"https:\/\/www.lusa.pt\/article\/TNrAaTmbQm02vZos45Qw3DMSZM5iuSI1\/covid-19-testes-serol%C3%B3gicos-a-professores-alunos-e-funcion%C3%A1rios-da-universidade-nova\" target=\"_blank\">Covid-19: Testes serol\u00f3gicos a professores, alunos e funcion\u00e1rios da Universidade Nova<\/a> <br>Vis\u00e3o &#8211; Covid-19: <a href=\"https:\/\/visao.sapo.pt\/visaosaude\/2020-05-22-covid-19-testes-serologicos-a-professores-alunos-e-funcionarios-da-universidade-nova\/\" target=\"_blank\" rel=\"noreferrer noopener\" aria-label=\"Testes serol\u00f3gicos a professores, alunos e funcion\u00e1rios da Universidade Nova (opens in a new tab)\">Testes serol\u00f3gicos a professores, alunos e funcion\u00e1rios da Universidade Nova<\/a><br>R\u00e1dio Renascen\u00e7a &#8211; <a rel=\"noreferrer noopener\" aria-label=\"Covid-19. Nova de Lisboa vai testar alunos, professores e investigadores (opens in a new tab)\" href=\"https:\/\/rr.sapo.pt\/2020\/05\/22\/pais\/covid-19-nova-de-lisboa-vai-testar-alunos-professores-e-investigadores\/noticia\/193859\/\" target=\"_blank\">Covid-19. Nova de Lisboa vai testar alunos, professores e investigadores<\/a><br>Not\u00edcias ao Minuto &#8211; <a href=\"https:\/\/www.noticiasaominuto.com\/pais\/1484696\/testes-serologicos-a-professores-alunos-e-funcionarios-na-nova\" target=\"_blank\" rel=\"noreferrer noopener\" aria-label=\"Testes serol\u00f3gicos a professores, alunos e funcion\u00e1rios na Nova (opens in a new tab)\">Testes serol\u00f3gicos a professores, alunos e funcion\u00e1rios na Nova<\/a><br>Di\u00e1rio de Not\u00edcias &#8211; <a href=\"https:\/\/www.dnoticias.pt\/pais\/testes-serologicos-a-professores-alunos-e-funcionarios-da-universidade-nova-BX6312939\" target=\"_blank\" rel=\"noreferrer noopener\" aria-label=\"Testes serol\u00f3gicos a professores, alunos e funcion\u00e1rios da Universidade Nova (opens in a new tab)\">Testes serol\u00f3gicos a professores, alunos e funcion\u00e1rios da Universidade Nova<\/a><br>Sapo &#8211; <a href=\"https:\/\/lifestyle.sapo.pt\/saude\/noticias-saude\/artigos\/testes-serologicos-a-professores-alunos-e-funcionarios-da-universidade-nova\" target=\"_blank\" rel=\"noreferrer noopener\" aria-label=\"COVID-19: Testes serol\u00f3gicos a professores, alunos e funcion\u00e1rios da Universidade Nova (opens in a new tab)\">COVID-19: Testes serol\u00f3gicos a professores, alunos e funcion\u00e1rios da Universidade Nova<\/a><\/p>\n","protected":false},"excerpt":{"rendered":"<p>22 mai 2020 A Universidade NOVA de Lisboa vai come\u00e7ar a realizar testes serol\u00f3gicos \u00e0 comunidade acad\u00e9mica. Ser\u00e3o testados professores, investigadores, funcion\u00e1rios e alunos que frequentam aulas presenciais e ainda todos os que est\u00e3o em resid\u00eancias universit\u00e1rias. Os testes, gratuitos e volunt\u00e1rios, v\u00e3o ser efetuados em todas as faculdades, institutos e escola da NOVA, bem &#8230; <a title=\"Universidade NOVA come\u00e7a testes serol\u00f3gicos \u00e0 comunidade acad\u00e9mica\" class=\"read-more\" href=\"https:\/\/covid360.unl.pt\/?p=2019\">Ler mais <span class=\"screen-reader-text\">Universidade NOVA come\u00e7a testes serol\u00f3gicos \u00e0 comunidade acad\u00e9mica<\/span><\/a><\/p>\n","protected":false},"author":4,"featured_media":0,"comment_status":"closed","ping_status":"open","sticky":false,"template":"","format":"standard","meta":[],"categories":[4],"tags":[],"_links":{"self":[{"href":"https:\/\/covid360.unl.pt\/index.php?rest_route=\/wp\/v2\/posts\/2019"}],"collection":[{"href":"https:\/\/covid360.unl.pt\/index.php?rest_route=\/wp\/v2\/posts"}],"about":[{"href":"https:\/\/covid360.unl.pt\/index.php?rest_route=\/wp\/v2\/types\/post"}],"author":[{"embeddable":true,"href":"https:\/\/covid360.unl.pt\/index.php?rest_route=\/wp\/v2\/users\/4"}],"replies":[{"embeddable":true,"href":"https:\/\/covid360.unl.pt\/index.php?rest_route=%2Fwp%2Fv2%2Fcomments&post=2019"}],"version-history":[{"count":4,"href":"https:\/\/covid360.unl.pt\/index.php?rest_route=\/wp\/v2\/posts\/2019\/revisions"}],"predecessor-version":[{"id":2055,"href":"https:\/\/covid360.unl.pt\/index.php?rest_route=\/wp\/v2\/posts\/2019\/revisions\/2055"}],"wp:attachment":[{"href":"https:\/\/covid360.unl.pt\/index.php?rest_route=%2Fwp%2Fv2%2Fmedia&parent=2019"}],"wp:term":[{"taxonomy":"category","embeddable":true,"href":"https:\/\/covid360.unl.pt\/index.php?rest_route=%2Fwp%2Fv2%2Fcategories&post=2019"},{"taxonomy":"post_tag","embeddable":true,"href":"https:\/\/covid360.unl.pt\/index.php?rest_route=%2Fwp%2Fv2%2Ftags&post=2019"}],"curies":[{"name":"wp","href":"https:\/\/api.w.org\/{rel}","templated":true}]}}