{"id":2427,"date":"2020-06-06T08:30:14","date_gmt":"2020-06-06T08:30:14","guid":{"rendered":"https:\/\/covid360.unl.pt\/?p=2427"},"modified":"2020-06-07T11:14:04","modified_gmt":"2020-06-07T11:14:04","slug":"importancia-da-higiene-oral-durante-a-pandemia-o-caso-das-pessoas-institucionalizadas","status":"publish","type":"post","link":"https:\/\/covid360.unl.pt\/?p=2427","title":{"rendered":"Import\u00e2ncia da higiene oral durante a pandemia: o caso das pessoas institucionalizadas"},"content":{"rendered":"\n<p class=\"has-small-font-size\"><em>6 jun 2020<\/em><\/p>\n\n\n<p><em><strong><img loading=\"lazy\" class=\"size-medium wp-image-2428 alignleft\" src=\"https:\/\/covid360.unl.pt\/wp-content\/uploads\/2020\/06\/higiene-oral-6junho-300x200.jpg\" alt=\"\" width=\"300\" height=\"200\" srcset=\"https:\/\/covid360.unl.pt\/wp-content\/uploads\/2020\/06\/higiene-oral-6junho-300x200.jpg 300w, https:\/\/covid360.unl.pt\/wp-content\/uploads\/2020\/06\/higiene-oral-6junho-1024x683.jpg 1024w, https:\/\/covid360.unl.pt\/wp-content\/uploads\/2020\/06\/higiene-oral-6junho-768x512.jpg 768w, https:\/\/covid360.unl.pt\/wp-content\/uploads\/2020\/06\/higiene-oral-6junho-1536x1024.jpg 1536w, https:\/\/covid360.unl.pt\/wp-content\/uploads\/2020\/06\/higiene-oral-6junho-2048x1365.jpg 2048w\" sizes=\"(max-width: 300px) 100vw, 300px\" \/>In\u00eas Mata\u02e1, Ana Rita Goes\u00b2, Maria de F\u00e1tima Bizarra\u00b3<\/strong> <\/em><br><em><strong>\u02e1 <\/strong>Higienista oral, mestranda (2018-2020) em Promo\u00e7\u00e3o da Sa\u00fade da ENSP-NOVA<br><\/em><em>\u00b2 Professora da ENSP-NOVA, coordenadora adjunta do Mestrado de Promo\u00e7\u00e3o da Sa\u00fade<br><\/em><em>\u00b3 Professora da Faculdade de Medicina Dent\u00e1ria da Universidade de Lisboa<\/em><\/p>\n\n\n<p>A presente pandemia pelo v\u00edrus SARS-CoV-2 desafiou o mundo inteiro, transformando as nossas rotinas e interferindo com as formas habituais de gerir o nosso dia a dia. Al\u00e9m das medidas preventivas preconizadas para a preven\u00e7\u00e3o e controlo da infe\u00e7\u00e3o por SARS-CoV-2, tem sido salientada a import\u00e2ncia de investirmos noutras medidas de promo\u00e7\u00e3o da sa\u00fade, como a alimenta\u00e7\u00e3o e a atividade f\u00edsica.<\/p>\n\n\n\n<!--more-->\n\n\n\n<p>Constituindo a sa\u00fade oral parte integrante da sa\u00fade geral, a manuten\u00e7\u00e3o das rotinas di\u00e1rias de higiene oral constitui tamb\u00e9m uma preocupa\u00e7\u00e3o. O presente texto constitui uma breve reflex\u00e3o sobre a evid\u00eancia referente ao papel da higiene oral na doen\u00e7a por covid-19, tendo especial foco num grupo vulner\u00e1vel da popula\u00e7\u00e3o: as pessoas institucionalizadas. Adicionalmente, s\u00e3o sistematizadas algumas recomenda\u00e7\u00f5es para a realiza\u00e7\u00e3o da higiene oral nas institui\u00e7\u00f5es.<\/p>\n\n\n\n<p class=\"has-medium-font-size\"><strong>Covid-19 e sa\u00fade oral<\/strong><\/p>\n\n\n\n<p>Como se sabe, a covid-19 \u00e9 de origem viral, no entanto, suspeita-se que em formas mais severas da infec\u00e7\u00e3o, exista uma a\u00e7\u00e3o bacteriana que, pode aumentar a hip\u00f3tese de complica\u00e7\u00f5es, tais como, pneumonia, s\u00edndrome respirat\u00f3rio grave agudo, choque s\u00e9ptico ou morte.(8)<\/p>\n\n\n\n<p>Tem sido defendido que a mucosa da l\u00edngua \u00e9 um dos locais iniciais onde pode ocorrer a entrada do v\u00edrus e a partir da qual pode existir uma altera\u00e7\u00e3o da flora orofar\u00edngea pela presen\u00e7a de microrganismos virulentos, em casos em que existe uma m\u00e1 higiene oral.(1,2) Isto pode traduzir-se num agravamento de patologias orais e consequentemente, aumentar o risco de desenvolver infe\u00e7\u00f5es respirat\u00f3rias pelo transporte destes microrganismos at\u00e9 aos pulm\u00f5es. Nesse sentido, \u00e9 importante manter uma boa sa\u00fade oral.(6)<\/p>\n\n\n\n<p class=\"has-medium-font-size\"><strong>Pessoas institucionalizadas, sa\u00fade oral e covid-19<\/strong><\/p>\n\n\n\n<p>No contexto atual em que vivemos, as popula\u00e7\u00f5es previamente vulner\u00e1veis passaram a ter uma necessidade acrescida de serem protegidas. Em Portugal, a popula\u00e7\u00e3o \u00e9 maioritariamente envelhecida, existindo um grande n\u00famero de pessoas com necessidades especiais que se encontram institucionalizadas. Esta \u00e9 uma popula\u00e7\u00e3o de risco principalmente pelas patologias cr\u00f3nicas associadas, como por exemplo, diabetes, hipertens\u00e3o arterial, doen\u00e7a cardiovascular, doen\u00e7a pulmonar obstrutiva cr\u00f3nica, entre outras.(8,10)<\/p>\n\n\n\n<p>As pessoas com necessidades especiais institucionalizadas est\u00e3o dependentes dos cuidadores para todas as rotinas do seu dia a dia, principalmente se n\u00e3o tiverem autonomia para a realiza\u00e7\u00e3o das mesmas.(5) Em institui\u00e7\u00f5es com maior n\u00famero de utentes ou com utentes que sejam mais dependentes, \u00e9 habitual que a higiene oral seja por vezes descurada.<\/p>\n\n\n\n<p>Esta \u00e9 uma popula\u00e7\u00e3o com maior preval\u00eancia de problemas orais, tais como, c\u00e1rie dent\u00e1ria e doen\u00e7a periodontal. (5) Por terem n\u00edveis de coloniza\u00e7\u00e3o oral mais elevados associados a infe\u00e7\u00f5es respirat\u00f3rias, s\u00e3o uma popula\u00e7\u00e3o de risco para o desenvolvimento de complica\u00e7\u00f5es severas em caso de infe\u00e7\u00e3o por covid-19.(1,2,5,8)<\/p>\n\n\n\n<p class=\"has-medium-font-size\"><strong>Higiene oral nas institui\u00e7\u00f5es em tempos de pandemia<\/strong><\/p>\n\n\n\n<p>Apesar de esta ser uma fase complicada para todos, as institui\u00e7\u00f5es est\u00e3o a atravessar uma \u00e9poca bastante dif\u00edcil no Sabe o que os dentes podem dizer sobre a sa\u00fade?que diz respeito \u00e0 gest\u00e3o de recursos. Embora com uma menor disponibilidade de recursos humanos e, consequentemente, uma redu\u00e7\u00e3o do tempo dispon\u00edvel para as rotinas de higiene di\u00e1rias, \u00e9 importante que os respons\u00e1veis das institui\u00e7\u00f5es estejam atentos e apostem num refor\u00e7o da higiene oral das pessoas institucionalizadas. Nesse sentido, seria importante estabelecer um conjunto de medidas a serem adotadas pelos cuidadores, tais como(7,11):<\/p>\n\n\n\n<ol><li>Uso de escova de dentes com cerdas macias e fio dent\u00e1rio (se poss\u00edvel) para remo\u00e7\u00e3o da placa bacteriana, 2-3 vezes por dia, durante 2 minutos;<\/li><li>Os cuidados de higiene oral devem ser complementados com bochecho de iodopovidona (betadine) solu\u00e7\u00e3o oral ou per\u00f3xido de hidrog\u00e9nio (\u00e1gua oxigenada);<\/li><li>N\u00e3o partilhar escovas de dentes que devem ser arrumadas em separado, nos casos em que a casa de banho \u00e9 partilhada;<\/li><li>No caso de pessoas acamadas com dificuldade ou incapacidade em bochechar, deve ser utilizada uma ta\u00e7a descart\u00e1vel para que as mesmas possam cuspir. O cuidador deve posicionar-se sempre de lado ou atr\u00e1s da pessoa;<\/li><li>No caso de pessoas com pr\u00f3teses remov\u00edveis \u2014 a pr\u00f3tese deve ser removida para higieniza\u00e7\u00e3o da mesma. Deve ser utilizada escova dura para limpeza da pr\u00f3tese e gaze embebida em solu\u00e7\u00e3o oral de iodopovidona (betadine solu\u00e7\u00e3o oral) ou per\u00f3xido de hidrog\u00e9nio (\u00e1gua oxigenada) para higieniza\u00e7\u00e3o das mucosas. Complementar com um bochecho com elixir de clorohexidina 0,12%;<\/li><li>Primar por uma alimenta\u00e7\u00e3o saud\u00e1vel, evitando alimentos pastosos e tendencialmente mais cariog\u00e9nicos.<\/li><\/ol>\n\n\n\n<p><strong>No caso de doen\u00e7a ativa por covid-19:<\/strong><\/p>\n\n\n\n<ol><li>Durante o per\u00edodo de doen\u00e7a ativa, ap\u00f3s a escovagem de dentes, a escova deve ser mergulhada numa solu\u00e7\u00e3o de hipoclorito de s\u00f3dio (lix\u00edvia) a 0,05% (0,5 ml de lix\u00edvia para 1 litro de \u00e1gua), durante 30 minutos. Enxaguar muito bem e deixar secar at\u00e9 \u00e0 pr\u00f3xima escovagem;<\/li><li>Durante o per\u00edodo de doen\u00e7a ou suspeita, n\u00e3o deve partilhar a casa de banho, objetos pessoais ou toalhas;<\/li><li>Ap\u00f3s alta, a escova de dentes deve ser trocada.<\/li><\/ol>\n\n\n\n<p>Embora j\u00e1 existissem protocolos nas institui\u00e7\u00f5es nos quais eram definidos os equipamentos de prote\u00e7\u00e3o individual a utilizar para as rotinas de higiene di\u00e1rias, nesta fase \u00e9 importante que exista um refor\u00e7o dos cuidados para a realiza\u00e7\u00e3o de higiene oral das pessoas institucionalizadas, principalmente se forem casos suspeitos ou positivos de covid-19 em isolamento, tais como(7,10):<\/p>\n\n\n\n<ul><li>Utiliza\u00e7\u00e3o de m\u00e1scara obrigat\u00f3ria para todos os cuidadores;<\/li><li>Avental descart\u00e1vel sobre a roupa\/farda de uso profissional;<\/li><li>\u00d3culos ou viseira;<\/li><li>Cal\u00e7ado usado apenas na institui\u00e7\u00e3o que n\u00e3o venha do exterior;<\/li><li>Luvas \u2013 devem ser removidas e trocadas ap\u00f3s o contacto com cada pessoa.<\/li><\/ul>\n\n\n\n<p>Como preconizado pela DGS, \u00e9 importante que a lavagem das m\u00e3os seja feita corretamente, pelo menos durante 20 segundos. No que diz respeito a esta rotina, deve ser feita antes de colocar as luvas, logo ap\u00f3s a realiza\u00e7\u00e3o da higiene oral de cada pessoa. Todos os equipamentos de prote\u00e7\u00e3o individual e materiais descart\u00e1veis devem ser depositados nos contentores de lixo contaminado (Tipo III ou IV), sendo que a lavagem das m\u00e3os deve ser realizada ap\u00f3s remo\u00e7\u00e3o dos mesmos. (10)<\/p>\n\n\n\n<p class=\"has-medium-font-size\"><strong>Coment\u00e1rios finais<\/strong><\/p>\n\n\n\n<p>Apesar de se verificar uma escassez de evid\u00eancia dispon\u00edvel sobre o papel da higiene oral na doen\u00e7a por covid-19, \u00e9 importante que pequenos gestos que s\u00e3o essenciais para a sa\u00fade sejam refor\u00e7ados principalmente nesta fase. Manter uma rotina de higiene oral eficaz, considerando os cuidados adicionais recomendados, \u00e9 um comportamento essencial, que pode proteger as pessoas mais vulner\u00e1veis dos efeitos mais severos desta doen\u00e7a.<\/p>\n\n\n\n<p class=\"has-small-font-size\"><strong>Bibliografia<\/strong>:<br>1. El-Solh AA. Association between pneumonia and oral care in nursing home residents. Lung. 2011;189(3):173\u201380.<br>2. Mylotte JM. Will Maintenance of Oral Hygiene in Nursing Home Residents Prevent Pneumonia? J Am Geriatr Soc. 2018;66(3):590\u20134.<br>3. Pini D de M, Fr\u00f6hlich PCGR, Rigo L. Oral health evaluation in special needs individuals. Einstein (Sao Paulo). 2016;14(4):501\u20137.<br>4. Queiroz F de S, Rodrigues MML de F, Cordeiro Junior GA, Oliveira A de B, Oliveira JD de, Almeida ER de. Avalia\u00e7\u00e3o das condi\u00e7\u00f5es de sa\u00fade bucal de Portadores de Necessidades Especiais. Rev Odontol da UNESP [Internet]. 2014 Dec;43(6):396\u2013401. Available from: http:\/\/www.scielo.br\/scielo.php?script=sci_arttext&amp;pid=S1807-25772014000600396&amp;lng=pt&amp;tlng=pt <br>5. Esteves M, Mendes S, Bernardo M. Estado de sa\u00fade oral duma popula\u00e7\u00e3o institucionalizada com defici\u00eancia profunda. Rev Port Estomatol Med Dent\u00e1ria e Cir Maxilofac [Internet]. 2017 Nov 17;58(3):250\u20133. Available from: http:\/\/revista.spemd.pt\/article\/133<br>6. Scannapieco FA, Shay K. Oral Health Disparities in Older Adults. Dent Clin North Am [Internet]. 2014 Oct;58(4):771\u201382. Available from: http:\/\/dx.doi.org\/10.1016\/j.cden.2014.06.005<br>7. Public Health England. Mouthcare for patients with COVID-19 or suspected COVID-19. p. 5\u20137.<br>8. Sampson V. Oral hygiene risk factor. Br Dent J. 2020;228(8):569.<br>9. Hansjee D. Reduce the risk of ventilator-associated pneumonia with robust oral hygiene [Internet]. Nursing Times. 2020 [cited 2020 May 5]. Available from: https:\/\/www.nursingtimes.net\/opinion\/reduce-the-risk-of-ventilator-associated-pneumonia-with-robust-oral-hygiene-28-04-2020\/<br>10. Dire\u00e7\u00e3o Geral da Sa\u00fade. Guias para Institui\u00e7\u00f5es [Internet]. Servi\u00e7o Nacional de Sa\u00fade. 2020 [cited 2020 May 5]. Available from: https:\/\/covid19.min-saude.pt\/guias-para-instituicoes\/<br>11. Dire\u00e7\u00e3o-Geral da Sa\u00fade. Materiais de Divulga\u00e7\u00e3o [Internet]. Servi\u00e7o Nacional de Sa\u00fade. 2020 [cited 2020 May 12]. Available from: https:\/\/covid19.min-saude.pt\/materiais-de-divulgacao\/<\/p>\n\n\n\n<p class=\"has-small-font-size\">*Artigo publicado na <a rel=\"noreferrer noopener\" aria-label=\"Sa\u00fade Oral (opens in a new tab)\" href=\"https:\/\/www.saudeoral.pt\/destaques\/opiniaoimportancia-da-higiene-oral-durante-a-pandemia-o-caso-das-pessoas-institucionalizadas\/\" target=\"_blank\">Sa\u00fade Oral<\/a><br>*Artigo dispon\u00edvel em <a rel=\"noreferrer noopener\" aria-label=\"ensp.unl.pt (opens in a new tab)\" href=\"https:\/\/barometro-covid-19.ensp.unl.pt\/wp-content\/uploads\/2020\/05\/higiene-oral-pessoas-institucionalizadas.pdf\" target=\"_blank\">ensp.unl.pt<\/a><\/p>\n\n\n\n<p class=\"has-text-color has-text-align-right has-small-font-size has-cyan-bluish-gray-color\">Photo by&nbsp;<a href=\"https:\/\/unsplash.com\/@mrthetrain?utm_source=unsplash&amp;utm_medium=referral&amp;utm_content=creditCopyText\">Joshua Hoehne<\/a>&nbsp;on&nbsp;<a href=\"https:\/\/unsplash.com\/s\/photos\/toothbrush?utm_source=unsplash&amp;utm_medium=referral&amp;utm_content=creditCopyText\">Unsplash<\/a> <\/p>\n","protected":false},"excerpt":{"rendered":"<p>6 jun 2020 In\u00eas Mata\u02e1, Ana Rita Goes\u00b2, Maria de F\u00e1tima Bizarra\u00b3 \u02e1 Higienista oral, mestranda (2018-2020) em Promo\u00e7\u00e3o da Sa\u00fade da ENSP-NOVA\u00b2 Professora da ENSP-NOVA, coordenadora adjunta do Mestrado de Promo\u00e7\u00e3o da Sa\u00fade\u00b3 Professora da Faculdade de Medicina Dent\u00e1ria da Universidade de Lisboa A presente pandemia pelo v\u00edrus SARS-CoV-2 desafiou o mundo inteiro, transformando &#8230; <a title=\"Import\u00e2ncia da higiene oral durante a pandemia: o caso das pessoas institucionalizadas\" class=\"read-more\" href=\"https:\/\/covid360.unl.pt\/?p=2427\">Ler mais <span class=\"screen-reader-text\">Import\u00e2ncia da higiene oral durante a pandemia: o caso das pessoas institucionalizadas<\/span><\/a><\/p>\n","protected":false},"author":4,"featured_media":0,"comment_status":"closed","ping_status":"open","sticky":false,"template":"","format":"standard","meta":[],"categories":[5],"tags":[],"_links":{"self":[{"href":"https:\/\/covid360.unl.pt\/index.php?rest_route=\/wp\/v2\/posts\/2427"}],"collection":[{"href":"https:\/\/covid360.unl.pt\/index.php?rest_route=\/wp\/v2\/posts"}],"about":[{"href":"https:\/\/covid360.unl.pt\/index.php?rest_route=\/wp\/v2\/types\/post"}],"author":[{"embeddable":true,"href":"https:\/\/covid360.unl.pt\/index.php?rest_route=\/wp\/v2\/users\/4"}],"replies":[{"embeddable":true,"href":"https:\/\/covid360.unl.pt\/index.php?rest_route=%2Fwp%2Fv2%2Fcomments&post=2427"}],"version-history":[{"count":6,"href":"https:\/\/covid360.unl.pt\/index.php?rest_route=\/wp\/v2\/posts\/2427\/revisions"}],"predecessor-version":[{"id":2509,"href":"https:\/\/covid360.unl.pt\/index.php?rest_route=\/wp\/v2\/posts\/2427\/revisions\/2509"}],"wp:attachment":[{"href":"https:\/\/covid360.unl.pt\/index.php?rest_route=%2Fwp%2Fv2%2Fmedia&parent=2427"}],"wp:term":[{"taxonomy":"category","embeddable":true,"href":"https:\/\/covid360.unl.pt\/index.php?rest_route=%2Fwp%2Fv2%2Fcategories&post=2427"},{"taxonomy":"post_tag","embeddable":true,"href":"https:\/\/covid360.unl.pt\/index.php?rest_route=%2Fwp%2Fv2%2Ftags&post=2427"}],"curies":[{"name":"wp","href":"https:\/\/api.w.org\/{rel}","templated":true}]}}