{"id":2453,"date":"2020-06-10T08:30:07","date_gmt":"2020-06-10T08:30:07","guid":{"rendered":"https:\/\/covid360.unl.pt\/?p=2453"},"modified":"2020-06-04T17:11:18","modified_gmt":"2020-06-04T17:11:18","slug":"a-proposito-da-covid-19-o-invisivel-ganha-visibilidade","status":"publish","type":"post","link":"https:\/\/covid360.unl.pt\/?p=2453","title":{"rendered":"A prop\u00f3sito da COVID-19: O invis\u00edvel ganha visibilidade!"},"content":{"rendered":"\n<p class=\"has-small-font-size\"><em>10 jun 2020<\/em><\/p>\n\n\n<p><img loading=\"lazy\" class=\"wp-image-2441 alignleft\" src=\"https:\/\/covid360.unl.pt\/wp-content\/uploads\/2020\/06\/antonio-uva-8junho.png\" alt=\"\" width=\"200\" height=\"200\" srcset=\"https:\/\/covid360.unl.pt\/wp-content\/uploads\/2020\/06\/antonio-uva-8junho.png 187w, https:\/\/covid360.unl.pt\/wp-content\/uploads\/2020\/06\/antonio-uva-8junho-150x150.png 150w\" sizes=\"(max-width: 200px) 100vw, 200px\" \/><strong><em>Ant\u00f3nio de Sousa Uva<\/em><\/strong><br \/><em>Especialista em Imunoalergologia e em Medicina do Trabalho<br \/>Professor Catedr\u00e1tico da ENSP-NOVA<\/em><\/p>\n\n\n<p>De repente come\u00e7am a soar todos os avisos relativamente ao n\u00famero muito desproporcionado de casos de COVID-19 na regi\u00e3o onde vivo (LVT). Fazendo um \u201cfine tuning\u201d identificam-se, entre outras, cadeias de transmiss\u00e3o em aglomerados de empresas, em trabalhadores da Constru\u00e7\u00e3o Civil e Obras P\u00fablicas, em Lares (alguns ilegais) ou em estabelecimentos da \u00e1rea da restaura\u00e7\u00e3o em zonas habitacionais concretas. A \u00e1rea que estudo, investigo e ensino \u00e9 a \u00e1rea da Sa\u00fade (e Seguran\u00e7a) Ocupacionais e, aparentemente, essa rela\u00e7\u00e3o poder\u00e1 at\u00e9 parecer err\u00e1tica. De facto, n\u00e3o \u00e9!<\/p>\n\n\n\n<p>N\u00e3o sei se \u00e9 uma caracter\u00edstica nossa ou se \u00e9 apenas muito frequente, n\u00f3s temos algum h\u00e1bito de \u201cvarrer para debaixo do tapete\u201d. Todos sabemos h\u00e1 muito (incluindo alguns reguladores), mas fazemos \u201cvista grossa\u201d que haver\u00e1 provavelmente quatro d\u00edgitos\u201d gordos\u201d de Lares ilegais, que \u00e9 muito frequente ou que existe a contrata\u00e7\u00e3o extempor\u00e2nea de trabalhadores da Constru\u00e7\u00e3o Civil (\u00e0 jorna) e das condi\u00e7\u00f5es com isso correlacionadas.<\/p>\n\n\n\n<!--more-->\n\n\n\n<p>Eu, que come\u00e7o a trabalhar muito cedo (sou uma \u201ccotovia\u201d), \u201ctropecei\u201d h\u00e1 uns anos atr\u00e1s nessas contrata\u00e7\u00f5es diariamente no Campo Grande onde n\u00e3o era preciso ser muito atento para reconhecer diariamente essa realidade. Nos \u00faltimos tempos isso n\u00e3o tem sido t\u00e3o vis\u00edvel.<\/p>\n\n\n\n<p>Mas o que tem isso a ver com a Sa\u00fade Ocupacional (ou se se preferir com a Sa\u00fade e Seguran\u00e7a do Trabalho)? Tudo!<\/p>\n\n\n\n<p>\u00c9 outra \u00e1rea onde \u00e9 muito frequente, se n\u00e3o o incumprimento, o pseudo-cumprimento das obriga\u00e7\u00f5es normativas onde a componente substantiva \u00e9 quase sempre ocultada por exig\u00eancias \u201cadministrativas\u201d que concentram a aten\u00e7\u00e3o de todos, mas que tamb\u00e9m todos sabem, que ocultam a raz\u00e3o da sua exist\u00eancia: a promo\u00e7\u00e3o e a prote\u00e7\u00e3o da sa\u00fade de quem trabalha e a manuten\u00e7\u00e3o da capacidade de trabalho em termos f\u00edsicos e psicol\u00f3gicos. A vigil\u00e2ncia de sa\u00fade peri\u00f3dica, ritualizada e \u201cinespec\u00edfica\u201d \u00e9 disso um bom exemplo muito generalizado e bem conhecido de quase todos ao \u201cactores\u201d que interv\u00eam nesta \u00e1rea.<\/p>\n\n\n\n<p>De facto, a prote\u00e7\u00e3o da sa\u00fade e da seguran\u00e7a dos trabalhadores, realizada por Servi\u00e7os de Sa\u00fade Ocupacional competentes, com profissionais competentes e com forma\u00e7\u00e3o espec\u00edfica adequada, s\u00e3o insubstitu\u00edveis para que essas tarefas sejam cumpridas. \u00c9 o que se passou agora tamb\u00e9m a prop\u00f3sito do risco de COVID-19 como risco espec\u00edfico, risco geral ou risco geral acrescido.<\/p>\n\n\n\n<p>Quando esta actual \u201conda-canh\u00e3o\u201d (n\u00e3o necessariamente da Nazar\u00e9) atingiu a continuidade de neg\u00f3cio do nosso tecido empresarial, os recursos \u201cpara cumprir a lei\u201d n\u00e3o serviram para \u201cfazer o que deveriam\u201d na prote\u00e7\u00e3o da sa\u00fade da popula\u00e7\u00e3o trabalhadora. A gest\u00e3o eficaz desse risco e a sua \u201cgemina\u00e7\u00e3o\u201d com a continuidade do neg\u00f3cio (produ\u00e7\u00e3o) e a preserva\u00e7\u00e3o e prote\u00e7\u00e3o da sa\u00fade de quem faz parte desse processo produtivo n\u00e3o se pode dizer que tenha sido generalizada.<\/p>\n\n\n\n<p>Mas nada est\u00e1 perdido! Tenho uma enorme convic\u00e7\u00e3o que a aprendizagem \u00e9 o motor do desenvolvimento e oxal\u00e1 que possamos aproveitar a atual situa\u00e7\u00e3o para aprender a melhorar o panorama atual da sa\u00fade e seguran\u00e7a dos trabalhadores em Portugal. Tenho a profunda certeza que isso vai acontecer porque a boa produ\u00e7\u00e3o exige bons produtores e a sua sa\u00fade e seguran\u00e7a n\u00e3o se pode circunscrever a um \u201cadere\u00e7o\u201d e acredito muito nas empresas e nos empres\u00e1rios.<\/p>\n\n\n\n<p class=\"has-small-font-size\">*Artigo publicado na <a href=\"https:\/\/healthnews.pt\/2020\/05\/29\/a-proposito-da-covid-19-o-invisivel-ganha-visibilidade\/\" target=\"_blank\" rel=\"noreferrer noopener\" aria-label=\"Healthnews (opens in a new tab)\">Healthnews<\/a><\/p>\n","protected":false},"excerpt":{"rendered":"<p>10 jun 2020 Ant\u00f3nio de Sousa UvaEspecialista em Imunoalergologia e em Medicina do TrabalhoProfessor Catedr\u00e1tico da ENSP-NOVA De repente come\u00e7am a soar todos os avisos relativamente ao n\u00famero muito desproporcionado de casos de COVID-19 na regi\u00e3o onde vivo (LVT). Fazendo um \u201cfine tuning\u201d identificam-se, entre outras, cadeias de transmiss\u00e3o em aglomerados de empresas, em trabalhadores &#8230; <a title=\"A prop\u00f3sito da COVID-19: O invis\u00edvel ganha visibilidade!\" class=\"read-more\" href=\"https:\/\/covid360.unl.pt\/?p=2453\">Ler mais <span class=\"screen-reader-text\">A prop\u00f3sito da COVID-19: O invis\u00edvel ganha visibilidade!<\/span><\/a><\/p>\n","protected":false},"author":4,"featured_media":0,"comment_status":"closed","ping_status":"open","sticky":false,"template":"","format":"standard","meta":[],"categories":[5],"tags":[],"_links":{"self":[{"href":"https:\/\/covid360.unl.pt\/index.php?rest_route=\/wp\/v2\/posts\/2453"}],"collection":[{"href":"https:\/\/covid360.unl.pt\/index.php?rest_route=\/wp\/v2\/posts"}],"about":[{"href":"https:\/\/covid360.unl.pt\/index.php?rest_route=\/wp\/v2\/types\/post"}],"author":[{"embeddable":true,"href":"https:\/\/covid360.unl.pt\/index.php?rest_route=\/wp\/v2\/users\/4"}],"replies":[{"embeddable":true,"href":"https:\/\/covid360.unl.pt\/index.php?rest_route=%2Fwp%2Fv2%2Fcomments&post=2453"}],"version-history":[{"count":4,"href":"https:\/\/covid360.unl.pt\/index.php?rest_route=\/wp\/v2\/posts\/2453\/revisions"}],"predecessor-version":[{"id":2483,"href":"https:\/\/covid360.unl.pt\/index.php?rest_route=\/wp\/v2\/posts\/2453\/revisions\/2483"}],"wp:attachment":[{"href":"https:\/\/covid360.unl.pt\/index.php?rest_route=%2Fwp%2Fv2%2Fmedia&parent=2453"}],"wp:term":[{"taxonomy":"category","embeddable":true,"href":"https:\/\/covid360.unl.pt\/index.php?rest_route=%2Fwp%2Fv2%2Fcategories&post=2453"},{"taxonomy":"post_tag","embeddable":true,"href":"https:\/\/covid360.unl.pt\/index.php?rest_route=%2Fwp%2Fv2%2Ftags&post=2453"}],"curies":[{"name":"wp","href":"https:\/\/api.w.org\/{rel}","templated":true}]}}