{"id":2473,"date":"2020-06-05T09:28:01","date_gmt":"2020-06-05T09:28:01","guid":{"rendered":"https:\/\/covid360.unl.pt\/?p=2473"},"modified":"2020-06-15T11:59:28","modified_gmt":"2020-06-15T11:59:28","slug":"smart-portugal-webinars-conversas-digitais-sobre-inteligencia-urbana-em-tempo-de-pandemia","status":"publish","type":"post","link":"https:\/\/covid360.unl.pt\/?p=2473","title":{"rendered":"Relat\u00f3rio SMART PORTUGAL Webinars &#8211; Conversas digitais sobre intelig\u00eancia urbana em tempo de pandemia"},"content":{"rendered":"\n<p class=\"has-small-font-size\"><em>5 jun 2020<\/em><\/p>\n\n\n<p><img loading=\"lazy\" class=\"size-full wp-image-2505 alignleft\" src=\"https:\/\/covid360.unl.pt\/wp-content\/uploads\/2020\/06\/site-1.png\" alt=\"\" width=\"300\" height=\"180\">Entre 8 de abril e 13 de maio, o <a href=\"https:\/\/novacidade.pt\/\" target=\"_blank\" rel=\"noreferrer noopener\" aria-label=\"NOVA Cidade - Urban Analytics Lab (opens in a new tab)\">NOVA Cidade &#8211; Urban Analytics Lab<\/a> &#8211; laborat\u00f3rio de intelig\u00eancia urbana da NOVA IMS &#8211; promoveu um ciclo de confer\u00eancias online para debater, semanalmente e de forma tem\u00e1tica, os principais desafios e oportunidades no quadro da intelig\u00eancia urbana e coes\u00e3o territorial no combate \u00e0 pandemia (<a href=\"https:\/\/covid360.unl.pt\/?p=810\" target=\"_blank\" rel=\"noopener noreferrer\">saber mais<\/a>).<\/p>\n\n\n<p>Com base nos seis <strong>SMART PORTUGAL Webinars &#8211; Conversas digitais sobre intelig\u00eancia urbana em tempo de pandemia<\/strong> realizados, foi agora apresentado um <a href=\"https:\/\/indd.adobe.com\/view\/0d23d9b0-9499-46ca-ac63-df1dc286e644\" target=\"_blank\" rel=\"noreferrer noopener\" aria-label=\"relat\u00f3rio com as principais conclus\u00f5es dos Webinars (opens in a new tab)\">relat\u00f3rio com as principais conclus\u00f5es dos Webinars<\/a>.<\/p>\n\n\n\n<!--more-->\n\n\n\n<p>Foi no contexto da pandemia da doen\u00e7a COVID-19 que o <strong>NOVA Cidade &#8211; Urban Analytics Lab<\/strong>, com o apoio da revista <a rel=\"noreferrer noopener\" href=\"http:\/\/smart-cities.pt\/\" target=\"_blank\">Smart Cities<\/a>, lan\u00e7ou um conjunto de<em>&nbsp;webinars<\/em>&nbsp;semanais, com diferentes figuras da \u00e1rea da intelig\u00eancia urbana, para debater a capacidade da intelig\u00eancia urbana de ter um papel chave no combate \u00e0 pandemia e de ser uma arma efetiva nas v\u00e1rias frentes de batalha. Para al\u00e9m das dimens\u00f5es econ\u00f3micas e sociais, foram tamb\u00e9m abordadas quest\u00f5es como a privacidade e a utiliza\u00e7\u00e3o de dados pessoais.<\/p>\n\n\n\n<p>Ant\u00f3nio Almeida Henriques, Presidente da C\u00e2mara Municipal de Viseu e coordenador da Sec\u00e7\u00e3o \u201cCidades Inteligentes&#8221; da Associa\u00e7\u00e3o Nacional de Munic\u00edpios Portugueses, foi o participante residente destes encontros semanais virtuais, a quem, consoante o tema em debate, se juntaram outros convidados. A modera\u00e7\u00e3o das sess\u00f5es esteve a cargo de Miguel de Castro Neto, coordenador do <strong>NOVA Cidade: Urban Analytics Lab<\/strong> e Subdiretor da NOVA Information Management School.<\/p>\n\n\n\n<p>Estas conversas digitais ficaram agora registadas num relat\u00f3rio (ver abaixo), onde se apresentam os dados recolhidos, dispon\u00edvel para consulta de qualquer interessado na mat\u00e9ria da intelig\u00eancia urbana.<\/p>\n\n\n\n<figure><iframe loading=\"lazy\" style=\"border: 1px solid #777;\" src=\"https:\/\/indd.adobe.com\/embed\/0d23d9b0-9499-46ca-ac63-df1dc286e644?startpage=1&amp;allowFullscreen=true\" width=\"650px\" height=\"460px\" frameborder=\"0\" allowfullscreen=\"\"><\/iframe><\/figure>\n\n\n\n<p><strong> <\/strong><br><br><strong>Reveja tamb\u00e9m as sess\u00f5es em v\u00eddeo: <\/strong><\/p>\n\n\n\n<ul><li><a href=\"https:\/\/www.facebook.com\/events\/693108577896275\/\" target=\"_blank\" rel=\"noreferrer noopener\">Intelig\u00eancia Urbana e Coes\u00e3o Territorial no Combate \u00e0 Pandemia<\/a><\/li><li><a href=\"https:\/\/www.facebook.com\/events\/2312229955751714\/\" target=\"_blank\" rel=\"noreferrer noopener\">Covid-19: Intelig\u00eancia urbana na resposta \u00e0 emerg\u00eancia social<\/a><\/li><li><a href=\"https:\/\/www.facebook.com\/events\/232322254776327\/\" target=\"_blank\" rel=\"noreferrer noopener\">Turismo inteligente: e depois da pandemia?<\/a><\/li><li><a href=\"https:\/\/www.facebook.com\/events\/641571600019742\/\" target=\"_blank\" rel=\"noreferrer noopener\">Ensino no p\u00f3s-pandemia: desafios da inclus\u00e3o territorial<\/a><\/li><li><a href=\"https:\/\/www.facebook.com\/events\/233266267906100\/\" target=\"_blank\" rel=\"noreferrer noopener\">Futuro do com\u00e9rcio: entre a proximidade e a tecnologia<\/a><\/li><li><a href=\"https:\/\/www.facebook.com\/events\/1644930718991046\/\" target=\"_blank\" rel=\"noreferrer noopener\">Intelig\u00eancia urbana e privacidade no combate \u00e0 pandemia<\/a><\/li><\/ul>\n","protected":false},"excerpt":{"rendered":"<p>5 jun 2020 Entre 8 de abril e 13 de maio, o NOVA Cidade &#8211; Urban Analytics Lab &#8211; laborat\u00f3rio de intelig\u00eancia urbana da NOVA IMS &#8211; promoveu um ciclo de confer\u00eancias online para debater, semanalmente e de forma tem\u00e1tica, os principais desafios e oportunidades no quadro da intelig\u00eancia urbana e coes\u00e3o territorial no combate &#8230; <a title=\"Relat\u00f3rio SMART PORTUGAL Webinars &#8211; Conversas digitais sobre intelig\u00eancia urbana em tempo de pandemia\" class=\"read-more\" href=\"https:\/\/covid360.unl.pt\/?p=2473\">Ler mais <span class=\"screen-reader-text\">Relat\u00f3rio SMART PORTUGAL Webinars &#8211; Conversas digitais sobre intelig\u00eancia urbana em tempo de pandemia<\/span><\/a><\/p>\n","protected":false},"author":4,"featured_media":0,"comment_status":"closed","ping_status":"open","sticky":false,"template":"","format":"standard","meta":[],"categories":[4],"tags":[],"_links":{"self":[{"href":"https:\/\/covid360.unl.pt\/index.php?rest_route=\/wp\/v2\/posts\/2473"}],"collection":[{"href":"https:\/\/covid360.unl.pt\/index.php?rest_route=\/wp\/v2\/posts"}],"about":[{"href":"https:\/\/covid360.unl.pt\/index.php?rest_route=\/wp\/v2\/types\/post"}],"author":[{"embeddable":true,"href":"https:\/\/covid360.unl.pt\/index.php?rest_route=\/wp\/v2\/users\/4"}],"replies":[{"embeddable":true,"href":"https:\/\/covid360.unl.pt\/index.php?rest_route=%2Fwp%2Fv2%2Fcomments&post=2473"}],"version-history":[{"count":16,"href":"https:\/\/covid360.unl.pt\/index.php?rest_route=\/wp\/v2\/posts\/2473\/revisions"}],"predecessor-version":[{"id":2538,"href":"https:\/\/covid360.unl.pt\/index.php?rest_route=\/wp\/v2\/posts\/2473\/revisions\/2538"}],"wp:attachment":[{"href":"https:\/\/covid360.unl.pt\/index.php?rest_route=%2Fwp%2Fv2%2Fmedia&parent=2473"}],"wp:term":[{"taxonomy":"category","embeddable":true,"href":"https:\/\/covid360.unl.pt\/index.php?rest_route=%2Fwp%2Fv2%2Fcategories&post=2473"},{"taxonomy":"post_tag","embeddable":true,"href":"https:\/\/covid360.unl.pt\/index.php?rest_route=%2Fwp%2Fv2%2Ftags&post=2473"}],"curies":[{"name":"wp","href":"https:\/\/api.w.org\/{rel}","templated":true}]}}