{"id":3037,"date":"2020-03-31T16:16:38","date_gmt":"2020-03-31T15:16:38","guid":{"rendered":"https:\/\/covid360.unl.pt\/?p=3037"},"modified":"2020-07-28T16:17:08","modified_gmt":"2020-07-28T15:17:08","slug":"31-de-marco","status":"publish","type":"post","link":"https:\/\/covid360.unl.pt\/?p=3037","title":{"rendered":"31 de mar\u00e7o"},"content":{"rendered":"\n<div class=\"wp-container-1 wp-block-group alignwide\"><div class=\"wp-block-group__inner-container\">\n<div class=\"wp-block-media-text alignwide\" style=\"grid-template-columns:34% auto\"><figure class=\"wp-block-media-text__media\"><img loading=\"lazy\" width=\"1024\" height=\"576\" src=\"https:\/\/covid360.unl.pt\/wp-content\/uploads\/2020\/03\/corona-4912180_1920-1024x576.jpg\" alt=\"\" class=\"wp-image-874\" srcset=\"https:\/\/covid360.unl.pt\/wp-content\/uploads\/2020\/03\/corona-4912180_1920-1024x576.jpg 1024w, https:\/\/covid360.unl.pt\/wp-content\/uploads\/2020\/03\/corona-4912180_1920-300x169.jpg 300w, https:\/\/covid360.unl.pt\/wp-content\/uploads\/2020\/03\/corona-4912180_1920-768x432.jpg 768w, https:\/\/covid360.unl.pt\/wp-content\/uploads\/2020\/03\/corona-4912180_1920-1536x864.jpg 1536w, https:\/\/covid360.unl.pt\/wp-content\/uploads\/2020\/03\/corona-4912180_1920.jpg 1920w\" sizes=\"(max-width: 1024px) 100vw, 1024px\" \/><\/figure><div class=\"wp-block-media-text__content\">\n<p>Pedro Pita Barros, docente da Nova SBE, comenta a metodologia de contagem de casos de infetados pela DGS<br><a href=\"https:\/\/www.youtube.com\/watch?v=WUHtI1njJaE&amp;feature=youtu.be\" target=\"_blank\" rel=\"noreferrer noopener\" aria-label=\"SIC Not\u00edcias (opens in a new tab)\">SIC Not\u00edcias<\/a><\/p>\n<\/div><\/div>\n\n\n\n<p>&nbsp;<\/p>\n\n\n\n<div class=\"wp-block-media-text alignwide\" style=\"grid-template-columns:34% auto\"><figure class=\"wp-block-media-text__media\"><img loading=\"lazy\" width=\"300\" height=\"180\" src=\"https:\/\/covid360.unl.pt\/wp-content\/uploads\/2020\/03\/Celso-Cunha_IHMT.jpg\" alt=\"\" class=\"wp-image-875\"\/><\/figure><div class=\"wp-block-media-text__content\">\n<p>Celso Cunha, virologista&nbsp;e professor no IHMT NOVA, explica \u00e0 TSF que a chuva pode ter influ\u00eancia na forma como o novo coronav\u00edrus permanece no ar<br><a href=\"https:\/\/www.tsf.pt\/programa\/covid-19-perguntas-com-resposta\/chuva-vai-influenciar-a-permanencia-do-virus-no-ar-12007472.html\" target=\"_blank\" rel=\"noreferrer noopener\">TSF<\/a><\/p>\n<\/div><\/div>\n\n\n\n<p>&nbsp;<\/p>\n\n\n\n<div class=\"wp-block-media-text alignwide\" style=\"grid-template-columns:34% auto\"><figure class=\"wp-block-media-text__media\"><img loading=\"lazy\" width=\"300\" height=\"180\" src=\"http:\/\/covid360.unl.pt\/wp-content\/uploads\/2020\/03\/gel.jpg\" alt=\"\" class=\"wp-image-366\"\/><\/figure><div class=\"wp-block-media-text__content\">\n<p>FCT NOVA produz 300 litros de gel desinfetante para&nbsp;hospitais da regi\u00e3o de Lisboa, com o objetivo de ajudar os profissionais de sa\u00fade na luta contra a pandemia<br><a href=\"https:\/\/www.dinheirovivo.pt\/economia\/fct-nova-produz-300-litros-de-gel-desinfetante-e-400-mascaras\/\" target=\"_blank\" rel=\"noreferrer noopener\">Dinheiro Vivo<\/a>&nbsp;|&nbsp;<a href=\"https:\/\/www.atlasdasaude.pt\/noticias\/faculdade-de-ciencias-e-tecnologia-produz-300-litros-de-gel-desinfetante-e-400-mascaras\" target=\"_blank\" rel=\"noreferrer noopener\">Atlas da Sa\u00fade<\/a><\/p>\n<\/div><\/div>\n\n\n\n<p>&nbsp;<\/p>\n\n\n\n<div class=\"wp-block-media-text alignwide\" style=\"grid-template-columns:34% auto\"><figure class=\"wp-block-media-text__media\"><img loading=\"lazy\" width=\"300\" height=\"180\" src=\"http:\/\/covid360.unl.pt\/wp-content\/uploads\/2020\/03\/resources.jpg\" alt=\"\" class=\"wp-image-367\"\/><\/figure><div class=\"wp-block-media-text__content\">\n<p>Nova SBE lan\u00e7a plataforma \u201cWe all have a role to play\u201d&nbsp;com o intuito de promover boas pr\u00e1ticas e minimizar o impacto negativo da Covid-19<br><a href=\"https:\/\/hrportugal.sapo.pt\/todos-temos-um-papel-a-desempenhar-e-esta-plataforma-da-uma-ajuda\/\" target=\"_blank\" rel=\"noreferrer noopener\">Human Resources<\/a> | <a href=\"https:\/\/www.dinheirovivo.pt\/economia\/1429580\/\" target=\"_blank\" rel=\"noreferrer noopener\">Dinheiro Vivo<\/a><\/p>\n<\/div><\/div>\n\n\n\n<p>&nbsp;<\/p>\n\n\n\n<div class=\"wp-block-media-text alignwide\" style=\"grid-template-columns:34% auto\"><figure class=\"wp-block-media-text__media\"><img loading=\"lazy\" width=\"300\" height=\"180\" src=\"https:\/\/covid360.unl.pt\/wp-content\/uploads\/2020\/03\/Testes-covid2.jpg\" alt=\"\" class=\"wp-image-916\"\/><\/figure><div class=\"wp-block-media-text__content\">\n<p>CEDOC-NMS|FCM&nbsp;e iBET-ITQB NOVA&nbsp;s\u00e3o dois dos laborat\u00f3rios cient\u00edficos que est\u00e3o a desenvolver um teste de diagn\u00f3stico para&nbsp;detetar anticorpos gerados pelo sistema imunit\u00e1rio contra o coronav\u00edrus<br><a href=\"https:\/\/24.sapo.pt\/atualidade\/artigos\/covid-19-laboratorios-cientificos-unem-se-para-desenvolver-teste-de-detecao-de-anticorpos\" target=\"_blank\" rel=\"noreferrer noopener\">Sapo<\/a>&nbsp;|&nbsp;<a href=\"https:\/\/www.rtp.pt\/noticias\/pais\/laboratorios-cientificos-unem-se-para-desenvolver-teste-de-detecao-de-anticorpos_n1217188\" target=\"_blank\" rel=\"noreferrer noopener\">RTP<\/a><\/p>\n<\/div><\/div>\n\n\n\n<p>&nbsp;<\/p>\n\n\n\n<div class=\"wp-block-media-text alignwide\" style=\"grid-template-columns:34% auto\"><figure class=\"wp-block-media-text__media\"><img loading=\"lazy\" width=\"300\" height=\"180\" src=\"http:\/\/covid360.unl.pt\/wp-content\/uploads\/2020\/03\/tocar_compras.jpg\" alt=\"\" class=\"wp-image-369\"\/><\/figure><div class=\"wp-block-media-text__content\">\n<p>Em tempos de cont\u00e1gio, Celso Cunha, virologista e professor no IHMT NOVA, d\u00e1 conselhos sobre os cuidados a ter nas compras<br><a href=\"https:\/\/www.tsf.pt\/programa\/covid-19-perguntas-com-resposta\/nem-mexer-na-fruta-nem-tocar-nas-embalagens-todas-os-cuidados-nas-compras-12011744.html\" target=\"_blank\" rel=\"noreferrer noopener\">TSF<\/a><\/p>\n<\/div><\/div>\n\n\n\n<p>&nbsp;<\/p>\n\n\n\n<div class=\"wp-block-media-text alignwide\" style=\"grid-template-columns:34% auto\"><figure class=\"wp-block-media-text__media\"><img loading=\"lazy\" width=\"300\" height=\"180\" src=\"http:\/\/covid360.unl.pt\/wp-content\/uploads\/2020\/03\/videoconferencias.jpg\" alt=\"\" class=\"wp-image-370\"\/><\/figure><div class=\"wp-block-media-text__content\">\n<p>Oct\u00e1vio Mateus, paleont\u00f3logo e professor associado na FCT NOVA, faz uma reflex\u00e3o pessoal sobre o Ensino Universit\u00e1rio antes e depois do coronav\u00edrus<br><a href=\"https:\/\/www.publico.pt\/2020\/03\/31\/ciencia\/opiniao\/ensino-universitario-coronavirus-1910199\" target=\"_blank\" rel=\"noreferrer noopener\">P\u00fablico<\/a><\/p>\n<\/div><\/div>\n<\/div><\/div>\n","protected":false},"excerpt":{"rendered":"<p>Pedro Pita Barros, docente da Nova SBE, comenta a metodologia de contagem de casos de infetados pela DGSSIC Not\u00edcias &nbsp; Celso Cunha, virologista&nbsp;e professor no IHMT NOVA, explica \u00e0 TSF que a chuva pode ter influ\u00eancia na forma como o novo coronav\u00edrus permanece no arTSF &nbsp; FCT NOVA produz 300 litros de gel desinfetante para&nbsp;hospitais &#8230; <a title=\"31 de mar\u00e7o\" class=\"read-more\" href=\"https:\/\/covid360.unl.pt\/?p=3037\">Ler mais <span class=\"screen-reader-text\">31 de mar\u00e7o<\/span><\/a><\/p>\n","protected":false},"author":4,"featured_media":0,"comment_status":"closed","ping_status":"open","sticky":false,"template":"","format":"standard","meta":[],"categories":[6],"tags":[],"_links":{"self":[{"href":"https:\/\/covid360.unl.pt\/index.php?rest_route=\/wp\/v2\/posts\/3037"}],"collection":[{"href":"https:\/\/covid360.unl.pt\/index.php?rest_route=\/wp\/v2\/posts"}],"about":[{"href":"https:\/\/covid360.unl.pt\/index.php?rest_route=\/wp\/v2\/types\/post"}],"author":[{"embeddable":true,"href":"https:\/\/covid360.unl.pt\/index.php?rest_route=\/wp\/v2\/users\/4"}],"replies":[{"embeddable":true,"href":"https:\/\/covid360.unl.pt\/index.php?rest_route=%2Fwp%2Fv2%2Fcomments&post=3037"}],"version-history":[{"count":1,"href":"https:\/\/covid360.unl.pt\/index.php?rest_route=\/wp\/v2\/posts\/3037\/revisions"}],"predecessor-version":[{"id":3038,"href":"https:\/\/covid360.unl.pt\/index.php?rest_route=\/wp\/v2\/posts\/3037\/revisions\/3038"}],"wp:attachment":[{"href":"https:\/\/covid360.unl.pt\/index.php?rest_route=%2Fwp%2Fv2%2Fmedia&parent=3037"}],"wp:term":[{"taxonomy":"category","embeddable":true,"href":"https:\/\/covid360.unl.pt\/index.php?rest_route=%2Fwp%2Fv2%2Fcategories&post=3037"},{"taxonomy":"post_tag","embeddable":true,"href":"https:\/\/covid360.unl.pt\/index.php?rest_route=%2Fwp%2Fv2%2Ftags&post=3037"}],"curies":[{"name":"wp","href":"https:\/\/api.w.org\/{rel}","templated":true}]}}