{"id":3053,"date":"2020-04-07T15:19:55","date_gmt":"2020-04-07T14:19:55","guid":{"rendered":"https:\/\/covid360.unl.pt\/?p=3053"},"modified":"2020-07-29T15:20:29","modified_gmt":"2020-07-29T14:20:29","slug":"7-de-abril","status":"publish","type":"post","link":"https:\/\/covid360.unl.pt\/?p=3053","title":{"rendered":"7 de abril"},"content":{"rendered":"\n<div class=\"wp-container-1 wp-block-group alignwide\"><div class=\"wp-block-group__inner-container\">\n<div class=\"wp-block-media-text alignwide\" style=\"grid-template-columns:34% auto\"><figure class=\"wp-block-media-text__media\"><img loading=\"lazy\" width=\"300\" height=\"180\" src=\"https:\/\/covid360.unl.pt\/wp-content\/uploads\/2020\/03\/a\u00e7\u00e3o_social.jpg\" alt=\"\" class=\"wp-image-914\"\/><\/figure><div class=\"wp-block-media-text__content\">\n<p>Tiago Correia, docente do IHMT NOVA, fala sobre os desafios de uma popula\u00e7\u00e3o envelhecida no contexto da pandemia por COVID-19<br><a href=\"https:\/\/www.dn.pt\/pais\/o-pais-de-bengala-e-um-maior-desafio-para-a-protecao-social-do-que-para-a-saude-12035239.html\" target=\"_blank\" rel=\"noreferrer noopener\" aria-label=\"Di\u00e1rio de Not\u00edcias (opens in a new tab)\">Di\u00e1rio de Not\u00edcias<\/a><\/p>\n<\/div><\/div>\n\n\n\n<p>&nbsp;<\/p>\n\n\n\n<div class=\"wp-block-media-text alignwide\" style=\"grid-template-columns:34% auto\"><figure class=\"wp-block-media-text__media\"><img loading=\"lazy\" width=\"300\" height=\"180\" src=\"https:\/\/covid360.unl.pt\/wp-content\/uploads\/2020\/03\/Testes-coronavirus.jpg\" alt=\"\" class=\"wp-image-915\"\/><\/figure><div class=\"wp-block-media-text__content\">\n<p>Investigadores do Centro de Estudos de Doen\u00e7as Cr\u00f3nicas (CEDOC) da NMS|FCM est\u00e3o envolvidos no desenvolvimento de testes serol\u00f3gicos, fundamentais para se perceber quem j\u00e1 esteve infetado <br><a href=\"https:\/\/www.dn.pt\/pais\/novos-casos-abrandam-mas-ainda-nao-ha-pico-a-vista-12039023.html\" target=\"_blank\" rel=\"noreferrer noopener\" aria-label=\"Di\u00e1rio de Not\u00edcias (opens in a new tab)\">Di\u00e1rio de Not\u00edcias<\/a><\/p>\n<\/div><\/div>\n<\/div><\/div>\n","protected":false},"excerpt":{"rendered":"<p>Tiago Correia, docente do IHMT NOVA, fala sobre os desafios de uma popula\u00e7\u00e3o envelhecida no contexto da pandemia por COVID-19Di\u00e1rio de Not\u00edcias &nbsp; Investigadores do Centro de Estudos de Doen\u00e7as Cr\u00f3nicas (CEDOC) da NMS|FCM est\u00e3o envolvidos no desenvolvimento de testes serol\u00f3gicos, fundamentais para se perceber quem j\u00e1 esteve infetado Di\u00e1rio de Not\u00edcias<\/p>\n","protected":false},"author":4,"featured_media":0,"comment_status":"closed","ping_status":"open","sticky":false,"template":"","format":"standard","meta":[],"categories":[6],"tags":[],"_links":{"self":[{"href":"https:\/\/covid360.unl.pt\/index.php?rest_route=\/wp\/v2\/posts\/3053"}],"collection":[{"href":"https:\/\/covid360.unl.pt\/index.php?rest_route=\/wp\/v2\/posts"}],"about":[{"href":"https:\/\/covid360.unl.pt\/index.php?rest_route=\/wp\/v2\/types\/post"}],"author":[{"embeddable":true,"href":"https:\/\/covid360.unl.pt\/index.php?rest_route=\/wp\/v2\/users\/4"}],"replies":[{"embeddable":true,"href":"https:\/\/covid360.unl.pt\/index.php?rest_route=%2Fwp%2Fv2%2Fcomments&post=3053"}],"version-history":[{"count":1,"href":"https:\/\/covid360.unl.pt\/index.php?rest_route=\/wp\/v2\/posts\/3053\/revisions"}],"predecessor-version":[{"id":3054,"href":"https:\/\/covid360.unl.pt\/index.php?rest_route=\/wp\/v2\/posts\/3053\/revisions\/3054"}],"wp:attachment":[{"href":"https:\/\/covid360.unl.pt\/index.php?rest_route=%2Fwp%2Fv2%2Fmedia&parent=3053"}],"wp:term":[{"taxonomy":"category","embeddable":true,"href":"https:\/\/covid360.unl.pt\/index.php?rest_route=%2Fwp%2Fv2%2Fcategories&post=3053"},{"taxonomy":"post_tag","embeddable":true,"href":"https:\/\/covid360.unl.pt\/index.php?rest_route=%2Fwp%2Fv2%2Ftags&post=3053"}],"curies":[{"name":"wp","href":"https:\/\/api.w.org\/{rel}","templated":true}]}}