{"id":3055,"date":"2020-04-08T15:20:31","date_gmt":"2020-04-08T14:20:31","guid":{"rendered":"https:\/\/covid360.unl.pt\/?p=3055"},"modified":"2020-07-29T15:21:09","modified_gmt":"2020-07-29T14:21:09","slug":"8-de-abril","status":"publish","type":"post","link":"https:\/\/covid360.unl.pt\/?p=3055","title":{"rendered":"8 de abril"},"content":{"rendered":"\n<div class=\"wp-container-1 wp-block-group alignwide\"><div class=\"wp-block-group__inner-container\">\n<div class=\"wp-block-media-text alignwide\" style=\"grid-template-columns:34% auto\"><figure class=\"wp-block-media-text__media\"><img loading=\"lazy\" width=\"300\" height=\"180\" src=\"https:\/\/covid360.unl.pt\/wp-content\/uploads\/2020\/03\/Untitled-design-14.png\" alt=\"\" class=\"wp-image-953\"\/><\/figure><div class=\"wp-block-media-text__content\">\n<p>Nuno Severiano Teixeira, docente da NOVA FCSH, reflete sobre o comportamento de diferentes regimes perante a atual crise<br><a href=\"https:\/\/www.publico.pt\/2020\/04\/08\/mundo\/opiniao\/virus-autoritarismo-democracia-1911388\" target=\"_blank\" rel=\"noreferrer noopener\" aria-label=\"P\u00fablico (opens in a new tab)\">P\u00fablico<\/a><\/p>\n<\/div><\/div>\n\n\n\n<p>&nbsp;<\/p>\n\n\n\n<div class=\"wp-block-media-text alignwide\" style=\"grid-template-columns:34% auto\"><figure class=\"wp-block-media-text__media\"><img loading=\"lazy\" width=\"300\" height=\"180\" src=\"https:\/\/covid360.unl.pt\/wp-content\/uploads\/2020\/03\/violencia_domestica_covid.jpg\" alt=\"\" class=\"wp-image-1851\"\/><\/figure><div class=\"wp-block-media-text__content\">\n<p>Dalila Cerejo, Professora da NOVA FCSH e Investigadora do Observat\u00f3rio Nacional de Viol\u00eancia e G\u00e9nero, convidada pelo Programa 360 da RTP3 para falar sobre o aumento de casos de Viol\u00eancia Dom\u00e9stica em tempos de Covid-19<br><a href=\"https:\/\/www.rtp.pt\/play\/p6656\/e466104\/360\" target=\"_blank\" rel=\"noreferrer noopener\" aria-label=\"RTP3 (opens in a new tab)\">RTP3<\/a> [min 00:48:51]<\/p>\n\n\n\n<p class=\"has-text-color has-small-font-size has-cyan-bluish-gray-color\">Photo by&nbsp;<a href=\"https:\/\/unsplash.com\/@kaimantha?utm_source=unsplash&amp;utm_medium=referral&amp;utm_content=creditCopyText\">Claudia Wolff<\/a>&nbsp;on&nbsp;<a href=\"https:\/\/unsplash.com\/?utm_source=unsplash&amp;utm_medium=referral&amp;utm_content=creditCopyText\">Unsplash<\/a><\/p>\n<\/div><\/div>\n\n\n\n<p>&nbsp;<\/p>\n\n\n\n<div class=\"wp-block-media-text alignwide\" style=\"grid-template-columns:34% auto\"><figure class=\"wp-block-media-text__media\"><img loading=\"lazy\" width=\"1024\" height=\"683\" src=\"https:\/\/covid360.unl.pt\/wp-content\/uploads\/2020\/03\/envato-4966946_1920-1024x683.jpg\" alt=\"\" class=\"wp-image-951\" srcset=\"https:\/\/covid360.unl.pt\/wp-content\/uploads\/2020\/03\/envato-4966946_1920-1024x683.jpg 1024w, https:\/\/covid360.unl.pt\/wp-content\/uploads\/2020\/03\/envato-4966946_1920-300x200.jpg 300w, https:\/\/covid360.unl.pt\/wp-content\/uploads\/2020\/03\/envato-4966946_1920-768x512.jpg 768w, https:\/\/covid360.unl.pt\/wp-content\/uploads\/2020\/03\/envato-4966946_1920-1536x1024.jpg 1536w, https:\/\/covid360.unl.pt\/wp-content\/uploads\/2020\/03\/envato-4966946_1920.jpg 1920w\" sizes=\"(max-width: 1024px) 100vw, 1024px\" \/><\/figure><div class=\"wp-block-media-text__content\">\n<p>Diretor da NMS|FCM, Jaime da Cunha Branco, ensina a fazer m\u00e1scaras de prote\u00e7\u00e3o em casa <br><a href=\"https:\/\/cidade.iol.pt\/noticias\/99343\/covid-19-como-fazer-mascaras-de-protecao-em-casa\" target=\"_blank\" rel=\"noreferrer noopener\" aria-label=\"Cidade FM (opens in a new tab)\">Cidade FM<\/a> | <a href=\"https:\/\/radiocomercial.iol.pt\/noticias\/99343\/covid-19-como-fazer-mascaras-de-protecao-em-casa\" target=\"_blank\" rel=\"noreferrer noopener\" aria-label=\"R\u00e1dio Comercial (opens in a new tab)\">R\u00e1dio Comercial<\/a> | <a href=\"https:\/\/smoothfm.iol.pt\/noticias\/99343\/covid-19-como-fazer-mascaras-de-protecao-em-casa\" target=\"_blank\" rel=\"noreferrer noopener\" aria-label=\"Smooth FM (opens in a new tab)\">Smooth FM<\/a> | <a href=\"https:\/\/m80.iol.pt\/noticias\/99343\/covid-19-como-fazer-mascaras-de-protecao-em-casa\" target=\"_blank\" rel=\"noreferrer noopener\" aria-label=\"M80 (opens in a new tab)\">M80<\/a><\/p>\n<\/div><\/div>\n\n\n\n<p>&nbsp;<\/p>\n\n\n\n<div class=\"wp-block-media-text alignwide\" style=\"grid-template-columns:34% auto\"><figure class=\"wp-block-media-text__media\"><img loading=\"lazy\" width=\"300\" height=\"180\" src=\"https:\/\/covid360.unl.pt\/wp-content\/uploads\/2020\/03\/medidas_portugal-1.jpg\" alt=\"\" class=\"wp-image-937\"\/><\/figure><div class=\"wp-block-media-text__content\">\n<p>Nuno Venturinha, docente da NOVA FCSH, comenta a interrup\u00e7\u00e3o de rituais f\u00fanebres no contexto da Pandemia por COVID-19<br><a href=\"https:\/\/www.sabado.pt\/portugal\/detalhe\/coronavirus-distanciamento-social-ate-na-hora-da-morte\" target=\"_blank\" rel=\"noreferrer noopener\" aria-label=\"S\u00e1bado (opens in a new tab)\">S\u00e1bado<\/a><\/p>\n<\/div><\/div>\n<\/div><\/div>\n","protected":false},"excerpt":{"rendered":"<p>Nuno Severiano Teixeira, docente da NOVA FCSH, reflete sobre o comportamento de diferentes regimes perante a atual criseP\u00fablico &nbsp; Dalila Cerejo, Professora da NOVA FCSH e Investigadora do Observat\u00f3rio Nacional de Viol\u00eancia e G\u00e9nero, convidada pelo Programa 360 da RTP3 para falar sobre o aumento de casos de Viol\u00eancia Dom\u00e9stica em tempos de Covid-19RTP3 [min &#8230; <a title=\"8 de abril\" class=\"read-more\" href=\"https:\/\/covid360.unl.pt\/?p=3055\">Ler mais <span class=\"screen-reader-text\">8 de abril<\/span><\/a><\/p>\n","protected":false},"author":4,"featured_media":0,"comment_status":"closed","ping_status":"open","sticky":false,"template":"","format":"standard","meta":[],"categories":[6],"tags":[],"_links":{"self":[{"href":"https:\/\/covid360.unl.pt\/index.php?rest_route=\/wp\/v2\/posts\/3055"}],"collection":[{"href":"https:\/\/covid360.unl.pt\/index.php?rest_route=\/wp\/v2\/posts"}],"about":[{"href":"https:\/\/covid360.unl.pt\/index.php?rest_route=\/wp\/v2\/types\/post"}],"author":[{"embeddable":true,"href":"https:\/\/covid360.unl.pt\/index.php?rest_route=\/wp\/v2\/users\/4"}],"replies":[{"embeddable":true,"href":"https:\/\/covid360.unl.pt\/index.php?rest_route=%2Fwp%2Fv2%2Fcomments&post=3055"}],"version-history":[{"count":1,"href":"https:\/\/covid360.unl.pt\/index.php?rest_route=\/wp\/v2\/posts\/3055\/revisions"}],"predecessor-version":[{"id":3056,"href":"https:\/\/covid360.unl.pt\/index.php?rest_route=\/wp\/v2\/posts\/3055\/revisions\/3056"}],"wp:attachment":[{"href":"https:\/\/covid360.unl.pt\/index.php?rest_route=%2Fwp%2Fv2%2Fmedia&parent=3055"}],"wp:term":[{"taxonomy":"category","embeddable":true,"href":"https:\/\/covid360.unl.pt\/index.php?rest_route=%2Fwp%2Fv2%2Fcategories&post=3055"},{"taxonomy":"post_tag","embeddable":true,"href":"https:\/\/covid360.unl.pt\/index.php?rest_route=%2Fwp%2Fv2%2Ftags&post=3055"}],"curies":[{"name":"wp","href":"https:\/\/api.w.org\/{rel}","templated":true}]}}