{"id":3057,"date":"2020-04-09T15:21:09","date_gmt":"2020-04-09T14:21:09","guid":{"rendered":"https:\/\/covid360.unl.pt\/?p=3057"},"modified":"2020-07-29T15:21:55","modified_gmt":"2020-07-29T14:21:55","slug":"9-de-abril","status":"publish","type":"post","link":"https:\/\/covid360.unl.pt\/?p=3057","title":{"rendered":"9 de abril"},"content":{"rendered":"\n<div class=\"wp-container-1 wp-block-group alignwide\"><div class=\"wp-block-group__inner-container\">\n<div class=\"wp-block-media-text alignwide\" style=\"grid-template-columns:34% auto\"><figure class=\"wp-block-media-text__media\"><img loading=\"lazy\" width=\"300\" height=\"180\" src=\"https:\/\/covid360.unl.pt\/wp-content\/uploads\/2020\/03\/prote\u00e7ao-na-rua2.jpg\" alt=\"\" class=\"wp-image-1017\"\/><\/figure><div class=\"wp-block-media-text__content\">\n<p>Bar\u00f3metro COVID-19 da ENSP NOVA: portugueses acreditam que contrair coronav\u00edrus &#8220;s\u00f3 acontece aos outros&#8221;<br><a href=\"https:\/\/visao.sapo.pt\/visaosaude\/2020-04-09-covid-19-contrair-doenca-so-acontece-aos-outros-inquerito\/\" target=\"_blank\" rel=\"noreferrer noopener\" aria-label=\"Vis\u00e3o (opens in a new tab)\">Vis\u00e3o<\/a> | <a href=\"https:\/\/tvi24.iol.pt\/sociedade\/universidade-nova\/portugueses-acham-que-contrair-covid-19-so-acontece-aos-outros-revela-inquerito\" target=\"_blank\" rel=\"noreferrer noopener\" aria-label=\"TVI24 (opens in a new tab)\">TVI24<\/a> | <a href=\"https:\/\/www.sabado.pt\/portugal\/detalhe\/portugueses-acham-que-apanhar-covid-19-so-acontece-aos-outros\" target=\"_blank\" rel=\"noreferrer noopener\" aria-label=\"S\u00e1bado (opens in a new tab)\">S\u00e1bado<\/a> | <a href=\"https:\/\/www.sapo.pt\/noticias\/nacional\/contrair-doenca-so-acontece-aos-outros_5e8f853f3ed6aa3189ff3934\" target=\"_blank\" rel=\"noreferrer noopener\" aria-label=\"Sap (opens in a new tab)\">Sapo<\/a> | <a href=\"https:\/\/www.cmjornal.pt\/sociedade\/detalhe\/portugueses-acreditam-que-contrair-coronavirus-so-acontece-aos-outros\" target=\"_blank\" rel=\"noreferrer noopener\" aria-label=\"Correio da Manh\u00e3 (opens in a new tab)\">Correio da Manh\u00e3<\/a> | <a href=\"https:\/\/www.noticiasaominuto.com\/pais\/1454441\/portugueses-participam-em-estudo-covid-19-so-acontece-aos-outros\" target=\"_blank\" rel=\"noreferrer noopener\" aria-label=\"Not\u00edcias ao Minuto (opens in a new tab)\">Not\u00edcias ao Minuto<\/a> | <a href=\"https:\/\/sol.sapo.pt\/artigo\/692482\/inquerito-revela-que-portugueses-acreditam-que-contrair-coronavirus-so-acontece-aos-outros\" target=\"_blank\" rel=\"noreferrer noopener\" aria-label=\"Sol (opens in a new tab)\">Sol<\/a> | <a href=\"https:\/\/www.saudemais.tv\/noticia\/12762-covid-19-contrair-doenca-so-acontece-aos-outros-inquerito\" target=\"_blank\" rel=\"noreferrer noopener\" aria-label=\"S+ (opens in a new tab)\">S+<\/a> | <a href=\"https:\/\/www.dnoticias.pt\/pais\/portugueses-acham-que-contrair-a-doenca-so-acontece-aos-outros-JM6079874\" target=\"_blank\" rel=\"noreferrer noopener\" aria-label=\"i\u00e1rio de Not\u00edcias da Madeira (opens in a new tab)\">Di\u00e1rio de Not\u00edcias da Madeira<\/a> | <a href=\"https:\/\/www.informamais.pt\/covid-19-contrair-doenca-so-acontece-aos-outros-inquerito\/\" target=\"_blank\" rel=\"noreferrer noopener\" aria-label=\"Informa+ (opens in a new tab)\">Informa+<\/a><\/p>\n<\/div><\/div>\n\n\n\n<p>&nbsp;<\/p>\n\n\n\n<div class=\"wp-block-media-text alignwide\" style=\"grid-template-columns:34% auto\"><figure class=\"wp-block-media-text__media\"><img loading=\"lazy\" width=\"300\" height=\"180\" src=\"https:\/\/covid360.unl.pt\/wp-content\/uploads\/2020\/03\/coma_bem2-1.jpg\" alt=\"\" class=\"wp-image-1016\"\/><\/figure><div class=\"wp-block-media-text__content\">\n<p>Concei\u00e7\u00e3o Calhau, da NMS|FCM, escreve sobre a possibilidade do intestino ser tamb\u00e9m uma chave para compreender melhor o novo coronav\u00edrus<br><a href=\"https:\/\/www.publico.pt\/2020\/04\/09\/sociedade\/opiniao\/covid19-resposta-tambem-intestino-1911548\" target=\"_blank\" rel=\"noreferrer noopener\" aria-label=\"P\u00fablico (opens in a new tab)\">P\u00fablico<\/a><\/p>\n<\/div><\/div>\n\n\n\n<p>&nbsp;<\/p>\n\n\n\n<div class=\"wp-block-media-text alignwide\" style=\"grid-template-columns:34% auto\"><figure class=\"wp-block-media-text__media\"><img loading=\"lazy\" width=\"300\" height=\"180\" src=\"https:\/\/covid360.unl.pt\/wp-content\/uploads\/2020\/03\/corona-no-mundo.jpg\" alt=\"\" class=\"wp-image-1015\"\/><\/figure><div class=\"wp-block-media-text__content\">\n<p>In\u00eas Fronteira, docente do IHMT NOVA, aponta que Portugal registou um menor aumento di\u00e1rio de casos de infe\u00e7\u00e3o do que pa\u00edses como China, Coreia do Sul, It\u00e1lia, Espanha, Alemanha, Fran\u00e7a e Estados Unidos. <br><a href=\"https:\/\/observador.pt\/especiais\/o-pico-ja-passou-portugal-estabilizou-a-curva-e-ate-pode-ja-estar-em-planalto-mas-a-confirmacao-so-chegara-nos-proximos-dias\/\" target=\"_blank\" rel=\"noreferrer noopener\" aria-label=\"Observador (opens in a new tab)\">Observador<\/a><\/p>\n<\/div><\/div>\n\n\n\n<p>&nbsp;<\/p>\n\n\n\n<div class=\"wp-block-media-text alignwide\" style=\"grid-template-columns:34% auto\"><figure class=\"wp-block-media-text__media\"><img loading=\"lazy\" width=\"300\" height=\"180\" src=\"https:\/\/covid360.unl.pt\/wp-content\/uploads\/2020\/03\/smartphone-corona.jpg\" alt=\"\" class=\"wp-image-1012\"\/><\/figure><div class=\"wp-block-media-text__content\">\n<p>NOVA Cidade organizou a primeira sess\u00e3o do ciclo semanal&nbsp;<em>SMART Portugal Webinars<\/em> sobre o combate \u00e0 pandemia atrav\u00e9s da intelig\u00eancia urbana<br><a href=\"http:\/\/smart-cities.pt\/tic\/0904transicao-09webinar\/\" target=\"_blank\" rel=\"noreferrer noopener\" aria-label=\"Smart Cities (opens in a new tab)\">Smart Cities<\/a><\/p>\n<\/div><\/div>\n\n\n\n<p>&nbsp;<\/p>\n\n\n\n<div class=\"wp-block-media-text alignwide\" style=\"grid-template-columns:34% auto\"><figure class=\"wp-block-media-text__media\"><img loading=\"lazy\" width=\"300\" height=\"180\" src=\"https:\/\/covid360.unl.pt\/wp-content\/uploads\/2020\/03\/medidas_portugal-1.jpg\" alt=\"\" class=\"wp-image-937\"\/><\/figure><div class=\"wp-block-media-text__content\">\n<p>Joanaz de Melo, da FCT NOVA, participa num epis\u00f3dio do programa Biosfera dedicado ao tema &#8220;COVID e vida selvagem&#8221;<br><a href=\"https:\/\/www.rtp.pt\/play\/p6689\/e466134\/biosfera\" target=\"_blank\" rel=\"noreferrer noopener\" aria-label=\"RTP 2 (opens in a new tab)\">RTP<\/a><\/p>\n<\/div><\/div>\n<\/div><\/div>\n","protected":false},"excerpt":{"rendered":"<p>Bar\u00f3metro COVID-19 da ENSP NOVA: portugueses acreditam que contrair coronav\u00edrus &#8220;s\u00f3 acontece aos outros&#8221;Vis\u00e3o | TVI24 | S\u00e1bado | Sapo | Correio da Manh\u00e3 | Not\u00edcias ao Minuto | Sol | S+ | Di\u00e1rio de Not\u00edcias da Madeira | Informa+ &nbsp; Concei\u00e7\u00e3o Calhau, da NMS|FCM, escreve sobre a possibilidade do intestino ser tamb\u00e9m uma chave &#8230; <a title=\"9 de abril\" class=\"read-more\" href=\"https:\/\/covid360.unl.pt\/?p=3057\">Ler mais <span class=\"screen-reader-text\">9 de abril<\/span><\/a><\/p>\n","protected":false},"author":4,"featured_media":0,"comment_status":"closed","ping_status":"open","sticky":false,"template":"","format":"standard","meta":[],"categories":[6],"tags":[],"_links":{"self":[{"href":"https:\/\/covid360.unl.pt\/index.php?rest_route=\/wp\/v2\/posts\/3057"}],"collection":[{"href":"https:\/\/covid360.unl.pt\/index.php?rest_route=\/wp\/v2\/posts"}],"about":[{"href":"https:\/\/covid360.unl.pt\/index.php?rest_route=\/wp\/v2\/types\/post"}],"author":[{"embeddable":true,"href":"https:\/\/covid360.unl.pt\/index.php?rest_route=\/wp\/v2\/users\/4"}],"replies":[{"embeddable":true,"href":"https:\/\/covid360.unl.pt\/index.php?rest_route=%2Fwp%2Fv2%2Fcomments&post=3057"}],"version-history":[{"count":1,"href":"https:\/\/covid360.unl.pt\/index.php?rest_route=\/wp\/v2\/posts\/3057\/revisions"}],"predecessor-version":[{"id":3058,"href":"https:\/\/covid360.unl.pt\/index.php?rest_route=\/wp\/v2\/posts\/3057\/revisions\/3058"}],"wp:attachment":[{"href":"https:\/\/covid360.unl.pt\/index.php?rest_route=%2Fwp%2Fv2%2Fmedia&parent=3057"}],"wp:term":[{"taxonomy":"category","embeddable":true,"href":"https:\/\/covid360.unl.pt\/index.php?rest_route=%2Fwp%2Fv2%2Fcategories&post=3057"},{"taxonomy":"post_tag","embeddable":true,"href":"https:\/\/covid360.unl.pt\/index.php?rest_route=%2Fwp%2Fv2%2Ftags&post=3057"}],"curies":[{"name":"wp","href":"https:\/\/api.w.org\/{rel}","templated":true}]}}