{"id":3059,"date":"2020-04-10T15:21:58","date_gmt":"2020-04-10T14:21:58","guid":{"rendered":"https:\/\/covid360.unl.pt\/?p=3059"},"modified":"2020-07-29T15:22:27","modified_gmt":"2020-07-29T14:22:27","slug":"10-de-abril","status":"publish","type":"post","link":"https:\/\/covid360.unl.pt\/?p=3059","title":{"rendered":"10 de abril"},"content":{"rendered":"\n<div class=\"wp-container-1 wp-block-group alignwide\"><div class=\"wp-block-group__inner-container\">\n<div class=\"wp-block-media-text alignwide\" style=\"grid-template-columns:34% auto\"><figure class=\"wp-block-media-text__media\"><img loading=\"lazy\" width=\"300\" height=\"180\" src=\"https:\/\/covid360.unl.pt\/wp-content\/uploads\/2020\/03\/indicadores-Covid.jpg\" alt=\"\" class=\"wp-image-863\"\/><\/figure><div class=\"wp-block-media-text__content\">\n<p>Susana Peralta, da Nova SBE, escreve no P\u00fablico sobre o que representa para a UE o facto dos pa\u00edses n\u00e3o conseguirem partilhar os custos das medidas de isolamento<br><a href=\"https:\/\/www.publico.pt\/2020\/04\/10\/economia\/opiniao\/falta-arrojo-ue-sera-fim-1911773\" target=\"_blank\" rel=\"noreferrer noopener\" aria-label=\"P\u00fablico (opens in a new tab)\">P\u00fablico<\/a><\/p>\n<\/div><\/div>\n\n\n\n<p>&nbsp;<\/p>\n\n\n\n<div class=\"wp-block-media-text alignwide\" style=\"grid-template-columns:34% auto\"><figure class=\"wp-block-media-text__media\"><img loading=\"lazy\" width=\"300\" height=\"180\" src=\"https:\/\/covid360.unl.pt\/wp-content\/uploads\/2020\/03\/corona-update.jpg\" alt=\"\" class=\"wp-image-1020\"\/><\/figure><div class=\"wp-block-media-text__content\">\n<p>Susana Peralta, da Nova SBE, comenta as novas decis\u00f5es do Eurogrupo <br><a href=\"https:\/\/eco.substack.com\/p\/ricardo-reis-e-susana-peralta-a-resposta\" target=\"_blank\" rel=\"noreferrer noopener\" aria-label=\"ECO (opens in a new tab)\">ECO<\/a><\/p>\n<\/div><\/div>\n\n\n\n<p>&nbsp;<\/p>\n\n\n\n<div class=\"wp-block-media-text alignwide\" style=\"grid-template-columns:34% auto\"><figure class=\"wp-block-media-text__media\"><img loading=\"lazy\" width=\"300\" height=\"180\" src=\"https:\/\/covid360.unl.pt\/wp-content\/uploads\/2020\/03\/teletrabalho3.jpg\" alt=\"\" class=\"wp-image-1019\"\/><\/figure><div class=\"wp-block-media-text__content\">\n<p>Helena da Silva, da NOVA FCSH, tem estudado a Pneum\u00f3nica em Portugal e partilha algumas ideias-chave da resposta portuguesa<br><a href=\"https:\/\/rr.sapo.pt\/2020\/04\/10\/pais\/pneumonica-a-gripe-que-se-juntou-a-uma-guerra-mundial\/noticia\/188820\/\" target=\"_blank\" rel=\"noreferrer noopener\" aria-label=\"Renascen\u00e7a (opens in a new tab)\">Renascen\u00e7a<\/a><\/p>\n<\/div><\/div>\n<\/div><\/div>\n","protected":false},"excerpt":{"rendered":"<p>Susana Peralta, da Nova SBE, escreve no P\u00fablico sobre o que representa para a UE o facto dos pa\u00edses n\u00e3o conseguirem partilhar os custos das medidas de isolamentoP\u00fablico &nbsp; Susana Peralta, da Nova SBE, comenta as novas decis\u00f5es do Eurogrupo ECO &nbsp; Helena da Silva, da NOVA FCSH, tem estudado a Pneum\u00f3nica em Portugal e &#8230; <a title=\"10 de abril\" class=\"read-more\" href=\"https:\/\/covid360.unl.pt\/?p=3059\">Ler mais <span class=\"screen-reader-text\">10 de abril<\/span><\/a><\/p>\n","protected":false},"author":4,"featured_media":0,"comment_status":"closed","ping_status":"open","sticky":false,"template":"","format":"standard","meta":[],"categories":[6],"tags":[],"_links":{"self":[{"href":"https:\/\/covid360.unl.pt\/index.php?rest_route=\/wp\/v2\/posts\/3059"}],"collection":[{"href":"https:\/\/covid360.unl.pt\/index.php?rest_route=\/wp\/v2\/posts"}],"about":[{"href":"https:\/\/covid360.unl.pt\/index.php?rest_route=\/wp\/v2\/types\/post"}],"author":[{"embeddable":true,"href":"https:\/\/covid360.unl.pt\/index.php?rest_route=\/wp\/v2\/users\/4"}],"replies":[{"embeddable":true,"href":"https:\/\/covid360.unl.pt\/index.php?rest_route=%2Fwp%2Fv2%2Fcomments&post=3059"}],"version-history":[{"count":1,"href":"https:\/\/covid360.unl.pt\/index.php?rest_route=\/wp\/v2\/posts\/3059\/revisions"}],"predecessor-version":[{"id":3060,"href":"https:\/\/covid360.unl.pt\/index.php?rest_route=\/wp\/v2\/posts\/3059\/revisions\/3060"}],"wp:attachment":[{"href":"https:\/\/covid360.unl.pt\/index.php?rest_route=%2Fwp%2Fv2%2Fmedia&parent=3059"}],"wp:term":[{"taxonomy":"category","embeddable":true,"href":"https:\/\/covid360.unl.pt\/index.php?rest_route=%2Fwp%2Fv2%2Fcategories&post=3059"},{"taxonomy":"post_tag","embeddable":true,"href":"https:\/\/covid360.unl.pt\/index.php?rest_route=%2Fwp%2Fv2%2Ftags&post=3059"}],"curies":[{"name":"wp","href":"https:\/\/api.w.org\/{rel}","templated":true}]}}