{"id":3061,"date":"2020-04-11T15:22:32","date_gmt":"2020-04-11T14:22:32","guid":{"rendered":"https:\/\/covid360.unl.pt\/?p=3061"},"modified":"2020-07-29T15:23:09","modified_gmt":"2020-07-29T14:23:09","slug":"11-de-abril","status":"publish","type":"post","link":"https:\/\/covid360.unl.pt\/?p=3061","title":{"rendered":"11 de abril"},"content":{"rendered":"\n<div class=\"wp-container-1 wp-block-group alignwide\"><div class=\"wp-block-group__inner-container\">\n<div class=\"wp-block-media-text alignwide\" style=\"grid-template-columns:34% auto\"><figure class=\"wp-block-media-text__media\"><img loading=\"lazy\" width=\"300\" height=\"180\" src=\"https:\/\/covid360.unl.pt\/wp-content\/uploads\/2020\/03\/prote\u00e7ao_rua.jpg\" alt=\"\" class=\"wp-image-1024\"\/><\/figure><div class=\"wp-block-media-text__content\">\n<p>Jo\u00e3o Cardoso, Diretor do servi\u00e7o de pneumologia do Centro Hospitalar de Lisboa Central (CHLC) e professor na NSM|FCM, comenta a situa\u00e7\u00e3o das sequelas nos doentes que tiveram COVID-19<br><a href=\"https:\/\/observador.pt\/especiais\/cicatrizes-nos-pulmoes-risco-de-enfarte-e-ate-problemas-cerebrais-as-sequelas-que-a-covid-19-deixa-em-quem-recupera\/\" target=\"_blank\" rel=\"noreferrer noopener\" aria-label=\"Observador (opens in a new tab)\">Observador<\/a> | <a href=\"https:\/\/www.rtp.pt\/noticias\/covid-19\/covid-19-pode-deixar-sequelas-a-longo-prazo_n1220029\" target=\"_blank\" rel=\"noreferrer noopener\" aria-label=\"RTP (opens in a new tab)\">RTP<\/a> |<a href=\"https:\/\/zap.aeiou.pt\/cerebro-coracao-pulmoes-covid-19-318711\"> ZAP<\/a><\/p>\n<\/div><\/div>\n\n\n\n<p>&nbsp;<\/p>\n\n\n\n<div class=\"wp-block-media-text alignwide\" style=\"grid-template-columns:34% auto\"><figure class=\"wp-block-media-text__media\"><img loading=\"lazy\" width=\"300\" height=\"180\" src=\"https:\/\/covid360.unl.pt\/wp-content\/uploads\/2020\/03\/Doar_material.jpg\" alt=\"\" class=\"wp-image-1005\"\/><\/figure><div class=\"wp-block-media-text__content\">\n<p>Adalberto Campos Fernandes, ex-ministro da Sa\u00fade e professor na ENSP NOVA, fala sobre v\u00e1rios temas ligados \u00e0 pandemia como a pol\u00edtica de m\u00e1scaras, a mortalidade e o regresso \u00e0 normalidade<br><a href=\"https:\/\/www.dn.pt\/edicao-do-dia\/11-abr-2020\/e-melhor-por-gente-na-rua-com-teste-feito-e-mascara-do-que-manter-o-pais-fechado--12057772.html?target=conteudo_fechado\" target=\"_blank\" rel=\"noreferrer noopener\" aria-label=\"Di\u00e1rio de Not\u00edcias (opens in a new tab)\">Di\u00e1rio de Not\u00edcias<\/a><\/p>\n<\/div><\/div>\n\n\n\n<p>&nbsp;<\/p>\n\n\n\n<div class=\"wp-block-media-text alignwide\" style=\"grid-template-columns:34% auto\"><figure class=\"wp-block-media-text__media\"><img loading=\"lazy\" width=\"300\" height=\"180\" src=\"https:\/\/covid360.unl.pt\/wp-content\/uploads\/2020\/03\/Filosofia_Covid.jpg\" alt=\"\" class=\"wp-image-866\"\/><\/figure><div class=\"wp-block-media-text__content\">\n<p>Teresa Pizarro Beleza, docente e antiga Diretora da Faculdade de Direito da NOVA, considera inevit\u00e1vel o colapso do mundo como o conhec\u00edamos <br><a href=\"https:\/\/visao.sapo.pt\/ideias\/2020-04-11-teresa-pizarro-beleza-portugal-e-o-mundo-jamais-serao-como-os-conheciamos-mas-e-bom-lembrar-que-o-inferno-ja-existia\/\" target=\"_blank\" rel=\"noreferrer noopener\" aria-label=\"Vis\u00e3o (opens in a new tab)\">Vis\u00e3o<\/a><\/p>\n<\/div><\/div>\n\n\n\n<p>&nbsp;<\/p>\n\n\n\n<div class=\"wp-block-media-text alignwide\" style=\"grid-template-columns:34% auto\"><figure class=\"wp-block-media-text__media\"><img loading=\"lazy\" width=\"300\" height=\"180\" src=\"https:\/\/covid360.unl.pt\/wp-content\/uploads\/2020\/03\/estatisticas-corona.jpg\" alt=\"\" class=\"wp-image-1021\"\/><\/figure><div class=\"wp-block-media-text__content\">\n<p>Tiago Correia, docente do IHMT NOVA, analisa os n\u00fameros da pandemia de COVID-19 em Portugal<br><a href=\"https:\/\/tvi24.iol.pt\/amp\/videos\/sociedade\/fase-de-planalto-temos-de-ter-cautela-com-a-leitura-dos-numeros\/5e923bdd0cf2a58834201481\" target=\"_blank\" rel=\"noreferrer noopener\" aria-label=\"TVI 24 (opens in a new tab)\">TVI 24<\/a><\/p>\n<\/div><\/div>\n\n\n\n<p>&nbsp;<\/p>\n\n\n\n<div class=\"wp-block-media-text alignwide\" style=\"grid-template-columns:34% auto\"><figure class=\"wp-block-media-text__media\"><img loading=\"lazy\" width=\"300\" height=\"180\" src=\"https:\/\/covid360.unl.pt\/wp-content\/uploads\/2020\/03\/parar_covid.jpg\" alt=\"\" class=\"wp-image-1365\"\/><\/figure><div class=\"wp-block-media-text__content\">\n<p>Os Professores Helena Canh\u00e3o (NMS|FCM) e Pedro Oliveira (Nova SBE) escrevem sobre a partilha de solu\u00e7\u00f5es desenvolvidas por cidad\u00e3os comuns e a sua contribui\u00e7\u00e3o para aumentar a capacidade de resposta \u00e0 pandemia<br><a href=\"https:\/\/eco.sapo.pt\/opiniao\/inovacao-viral-para-combater-o-virus\/\" target=\"_blank\" rel=\"noreferrer noopener\" aria-label=\"Eco (opens in a new tab)\">Eco<\/a><\/p>\n<\/div><\/div>\n<\/div><\/div>\n","protected":false},"excerpt":{"rendered":"<p>Jo\u00e3o Cardoso, Diretor do servi\u00e7o de pneumologia do Centro Hospitalar de Lisboa Central (CHLC) e professor na NSM|FCM, comenta a situa\u00e7\u00e3o das sequelas nos doentes que tiveram COVID-19Observador | RTP | ZAP &nbsp; Adalberto Campos Fernandes, ex-ministro da Sa\u00fade e professor na ENSP NOVA, fala sobre v\u00e1rios temas ligados \u00e0 pandemia como a pol\u00edtica de &#8230; <a title=\"11 de abril\" class=\"read-more\" href=\"https:\/\/covid360.unl.pt\/?p=3061\">Ler mais <span class=\"screen-reader-text\">11 de abril<\/span><\/a><\/p>\n","protected":false},"author":4,"featured_media":0,"comment_status":"closed","ping_status":"open","sticky":false,"template":"","format":"standard","meta":[],"categories":[6],"tags":[],"_links":{"self":[{"href":"https:\/\/covid360.unl.pt\/index.php?rest_route=\/wp\/v2\/posts\/3061"}],"collection":[{"href":"https:\/\/covid360.unl.pt\/index.php?rest_route=\/wp\/v2\/posts"}],"about":[{"href":"https:\/\/covid360.unl.pt\/index.php?rest_route=\/wp\/v2\/types\/post"}],"author":[{"embeddable":true,"href":"https:\/\/covid360.unl.pt\/index.php?rest_route=\/wp\/v2\/users\/4"}],"replies":[{"embeddable":true,"href":"https:\/\/covid360.unl.pt\/index.php?rest_route=%2Fwp%2Fv2%2Fcomments&post=3061"}],"version-history":[{"count":1,"href":"https:\/\/covid360.unl.pt\/index.php?rest_route=\/wp\/v2\/posts\/3061\/revisions"}],"predecessor-version":[{"id":3062,"href":"https:\/\/covid360.unl.pt\/index.php?rest_route=\/wp\/v2\/posts\/3061\/revisions\/3062"}],"wp:attachment":[{"href":"https:\/\/covid360.unl.pt\/index.php?rest_route=%2Fwp%2Fv2%2Fmedia&parent=3061"}],"wp:term":[{"taxonomy":"category","embeddable":true,"href":"https:\/\/covid360.unl.pt\/index.php?rest_route=%2Fwp%2Fv2%2Fcategories&post=3061"},{"taxonomy":"post_tag","embeddable":true,"href":"https:\/\/covid360.unl.pt\/index.php?rest_route=%2Fwp%2Fv2%2Ftags&post=3061"}],"curies":[{"name":"wp","href":"https:\/\/api.w.org\/{rel}","templated":true}]}}