{"id":3063,"date":"2020-04-13T15:23:24","date_gmt":"2020-04-13T14:23:24","guid":{"rendered":"https:\/\/covid360.unl.pt\/?p=3063"},"modified":"2020-07-29T15:23:53","modified_gmt":"2020-07-29T14:23:53","slug":"13-de-abril","status":"publish","type":"post","link":"https:\/\/covid360.unl.pt\/?p=3063","title":{"rendered":"13 de abril"},"content":{"rendered":"\n<div class=\"wp-container-1 wp-block-group alignwide\"><div class=\"wp-block-group__inner-container\">\n<div class=\"wp-block-media-text alignwide\" style=\"grid-template-columns:34% auto\"><figure class=\"wp-block-media-text__media\"><img loading=\"lazy\" width=\"300\" height=\"180\" src=\"https:\/\/covid360.unl.pt\/wp-content\/uploads\/2020\/03\/Contamina\u00e7\u00e3o-coronavirus.jpg\" alt=\"\" class=\"wp-image-998\"\/><\/figure><div class=\"wp-block-media-text__content\">\n<p>Carlota Louro, docente da NMS|FCM, comenta a quest\u00e3o do pico da pandemia, no programa Pol\u00edgrafo SIC<br><a href=\"https:\/\/sicnoticias.pt\/programas\/poligrafo\/2020-04-13-O-39.-episodio-do-Poligrafo-SIC\" target=\"_blank\" rel=\"noreferrer noopener\" aria-label=\"SIC (opens in a new tab)\">SIC<\/a><\/p>\n<\/div><\/div>\n\n\n\n<p>&nbsp;<\/p>\n\n\n\n<div class=\"wp-block-media-text alignwide\" style=\"grid-template-columns:34% auto\"><figure class=\"wp-block-media-text__media\"><img loading=\"lazy\" width=\"300\" height=\"180\" src=\"https:\/\/covid360.unl.pt\/wp-content\/uploads\/2020\/03\/Boa-ideia.jpg\" alt=\"\" class=\"wp-image-999\"\/><\/figure><div class=\"wp-block-media-text__content\">\n<p>Miguel Ferreira e Susana Peralta, ambos da Nova SBE, est\u00e3o entre os especialistas que ser\u00e3o ouvidos pelo Primeiro Ministro Ant\u00f3nio Costa com vista \u00e0 ado\u00e7\u00e3o de medidas para uma&nbsp;economia p\u00f3s-COVID<br><a href=\"https:\/\/www.publico.pt\/2020\/04\/13\/politica\/noticia\/costa-reunese-videoconferencia-25-economistas-academicos-1912106\" target=\"_blank\" rel=\"noreferrer noopener\" aria-label=\"P\u00fablico (opens in a new tab)\">P\u00fablico<\/a> | <a href=\"https:\/\/eco.sapo.pt\/2020\/04\/13\/estes-sao-os-academicos-e-economistas-com-quem-costa-vai-reunir-para-relancar-a-economia-no-pos-covid\/\" target=\"_blank\" rel=\"noreferrer noopener\" aria-label=\"ECO (opens in a new tab)\">ECO<\/a> | <a href=\"https:\/\/jornaleconomico.sapo.pt\/noticias\/antonio-costa-reune-amanha-com-economistas-para-discutir-relancamento-da-economia-575193\" target=\"_blank\" rel=\"noreferrer noopener\" aria-label=\"Jornal Econ\u00f3mico (opens in a new tab)\">Jornal Econ\u00f3mico<\/a> | <a href=\"https:\/\/ionline.sapo.pt\/artigo\/692800\/covid-19-costa-ouve-especialistas-para-relancar-a-economia?seccao=Portugal_i\" target=\"_blank\" rel=\"noreferrer noopener\" aria-label=\"i (opens in a new tab)\">i<\/a> | <a href=\"https:\/\/rr.sapo.pt\/2020\/04\/13\/economia\/covid-19-antonio-costa-ouve-economistas-sobre-crise-e-relancamento-da-economia\/noticia\/189129\/\" target=\"_blank\" rel=\"noreferrer noopener\" aria-label=\"Renascen\u00e7a (opens in a new tab)\">Renascen\u00e7a<\/a> | <a href=\"https:\/\/www.dn.pt\/dinheiro\/costa-ouve-economistas-para-discutir-relancamento-da-economia-12065035.html\" target=\"_blank\" rel=\"noreferrer noopener\" aria-label=\"Di\u00e1rio de Not\u00edcias (opens in a new tab)\">Di\u00e1rio de Not\u00edcias<\/a> | <a href=\"https:\/\/24.sapo.pt\/economia\/artigos\/antonio-costa-vai-ouvir-economistas-e-academicos-sobre-a-atual-e-futura-situacao-economica\" target=\"_blank\" rel=\"noreferrer noopener\" aria-label=\"Sapo  (opens in a new tab)\">Sapo <\/a>| <a href=\"https:\/\/executivedigest.sapo.pt\/costa-vai-reunir-se-por-video-conferencia-com-25-economistas-e-academicos\/\" target=\"_blank\" rel=\"noreferrer noopener\" aria-label=\"Executive Digest (opens in a new tab)\">Executive Digest<\/a> | <a href=\"https:\/\/www.noticiasaominuto.com\/economia\/1456247\/costa-ouve-amanha-economistas-sobre-crise-e-relancamento-da-economia\" target=\"_blank\" rel=\"noreferrer noopener\" aria-label=\"Not\u00edcias ao Minuto (opens in a new tab)\">Not\u00edcias ao Minuto<\/a><\/p>\n<\/div><\/div>\n\n\n\n<p>&nbsp;<\/p>\n\n\n\n<div class=\"wp-block-media-text alignwide\" style=\"grid-template-columns:34% auto\"><figure class=\"wp-block-media-text__media\"><img loading=\"lazy\" width=\"300\" height=\"180\" src=\"https:\/\/covid360.unl.pt\/wp-content\/uploads\/2020\/03\/multid\u00e3o-1.jpg\" alt=\"\" class=\"wp-image-1000\"\/><\/figure><div class=\"wp-block-media-text__content\">\n<p>Andr\u00e9 Santos Campos, investigador no IFILNOVA, escreve sobre a filosofia pol\u00edtica perante a&nbsp;COVID-19<br><a href=\"https:\/\/observador.pt\/opiniao\/a-filosofia-politica-perante-a-covid-19\/\" target=\"_blank\" rel=\"noreferrer noopener\" aria-label=\"Observador (opens in a new tab)\">Observador<\/a><\/p>\n<\/div><\/div>\n\n\n\n<p>&nbsp;<\/p>\n\n\n\n<div class=\"wp-block-media-text alignwide\" style=\"grid-template-columns:34% auto\"><figure class=\"wp-block-media-text__media\"><img loading=\"lazy\" width=\"300\" height=\"180\" src=\"https:\/\/covid360.unl.pt\/wp-content\/uploads\/2020\/03\/uso-_mascaras.jpg\" alt=\"\" class=\"wp-image-1001\"\/><\/figure><div class=\"wp-block-media-text__content\">\n<p>Jaime da Cunha Branco, Diretor da NMS|FCM, afirma que est\u00e1 provado que, com um tecido de algod\u00e3o, \u00e9 poss\u00edvel criar uma barreira capaz de travar a dispers\u00e3o de part\u00edculas.<br><a href=\"https:\/\/www.tsf.pt\/portugal\/sociedade\/estudo-revela-quais-as-melhores-alternativas-caseiras-as-mascaras-cirurgicas-12064544.html\" target=\"_blank\" rel=\"noreferrer noopener\" aria-label=\"TSF (opens in a new tab)\">TSF<\/a><\/p>\n<\/div><\/div>\n\n\n\n<p>&nbsp;<\/p>\n\n\n\n<div class=\"wp-block-media-text alignwide\" style=\"grid-template-columns:34% auto\"><figure class=\"wp-block-media-text__media\"><img loading=\"lazy\" width=\"300\" height=\"180\" src=\"https:\/\/covid360.unl.pt\/wp-content\/uploads\/2020\/03\/limpar_covid.jpg\" alt=\"\" class=\"wp-image-1002\"\/><\/figure><div class=\"wp-block-media-text__content\">\n<p>Maria Teresa Neto, neonatologista e professora jubilada da NMS|FCM, fala sobre os cuidados para proteger a gr\u00e1vida e o beb\u00e9 que est\u00e1 para chegar<br><a href=\"https:\/\/www.tsf.pt\/programa\/tsf-pais-e-filhos\/cuidados-para-proteger-a-gravida-e-o-bebe-que-esta-para-chegar-12065813.html\" target=\"_blank\" rel=\"noreferrer noopener\" aria-label=\"TSF (opens in a new tab)\">TSF<\/a><\/p>\n<\/div><\/div>\n\n\n\n<p>&nbsp;<\/p>\n\n\n\n<div class=\"wp-block-media-text alignwide\" style=\"grid-template-columns:34% auto\"><figure class=\"wp-block-media-text__media\"><img loading=\"lazy\" width=\"300\" height=\"180\" src=\"https:\/\/covid360.unl.pt\/wp-content\/uploads\/2020\/03\/Estudo_ENSP-1.jpg\" alt=\"\" class=\"wp-image-1003\"\/><\/figure><div class=\"wp-block-media-text__content\">\n<p>Tiago Correia, docente do IHMT NOVA, explica o&nbsp;porqu\u00ea da pandemia ter uma maior incid\u00eancia na regi\u00e3o Norte de Portugal. <br><a href=\"https:\/\/tvi24.iol.pt\/amp\/videos\/sociedade\/covid-19-portugal-e-um-pais-de-risco-face-a-letalidade-desta-doenca\/5e94ba580cf2cd6069eb4e6e\" target=\"_blank\" rel=\"noreferrer noopener\" aria-label=\"TVI 24 (opens in a new tab)\">TVI 24<\/a><\/p>\n<\/div><\/div>\n\n\n\n<p>&nbsp;<\/p>\n\n\n\n<div class=\"wp-block-media-text alignwide\" style=\"grid-template-columns:34% auto\"><figure class=\"wp-block-media-text__media\"><img loading=\"lazy\" width=\"300\" height=\"180\" src=\"https:\/\/covid360.unl.pt\/wp-content\/uploads\/2020\/03\/solidariedade3.jpg\" alt=\"\" class=\"wp-image-1027\"\/><\/figure><div class=\"wp-block-media-text__content\">\n<p>Daniel Tra\u00e7a, Diretor da Nova SBE, escreve sobre o desafio que esta pandemia representa para a Europa<br><a href=\"https:\/\/www.jornaldenegocios.pt\/opiniao\/deans-corner\/daniel-traca\/detalhe\/a-europa-na-hora-mais-negra\" target=\"_blank\" rel=\"noreferrer noopener\" aria-label=\"Jornal de Neg\u00f3cios (opens in a new tab)\">Jornal de Neg\u00f3cios<\/a><\/p>\n<\/div><\/div>\n\n\n\n<p>&nbsp;<\/p>\n\n\n\n<div class=\"wp-block-media-text alignwide\" style=\"grid-template-columns:34% auto\"><figure class=\"wp-block-media-text__media\"><img loading=\"lazy\" width=\"300\" height=\"180\" src=\"https:\/\/covid360.unl.pt\/wp-content\/uploads\/2020\/03\/mercado.jpg\" alt=\"\" class=\"wp-image-1025\"\/><\/figure><div class=\"wp-block-media-text__content\">\n<p>Catarina Neves, professora assistente na Nova SBE, defende o rendimento b\u00e1sico incondicional em tempos de pandemia<br><a href=\"https:\/\/www.publico.pt\/2020\/04\/13\/economia\/opiniao\/solidariedade-europeia-tempos-pandemia-defesa-rendimento-basico-incondicional-1911546\" target=\"_blank\" rel=\"noreferrer noopener\" aria-label=\"P\u00fablico (opens in a new tab)\">P\u00fablico<\/a><\/p>\n<\/div><\/div>\n\n\n\n<p>&nbsp;<\/p>\n\n\n\n<div class=\"wp-block-media-text alignwide\" style=\"grid-template-columns:34% auto\"><figure class=\"wp-block-media-text__media\"><img loading=\"lazy\" width=\"300\" height=\"180\" src=\"https:\/\/covid360.unl.pt\/wp-content\/uploads\/2020\/04\/smartphone.jpg\" alt=\"\" class=\"wp-image-1009\"\/><\/figure><div class=\"wp-block-media-text__content\">\n<p>Inqu\u00e9rito Nova SBE\/ Vis\u00e3o aponta que, para al\u00e9m da corrida aos supermercados, registou-se tamb\u00e9m uma corrida \u00e0s not\u00edcias sobre a pandemia <br><a href=\"https:\/\/visao.sapo.pt\/atualidade\/sociedade\/2020-04-13-inquerito-nova-sbe-visao-que-informac%CC%A7a%CC%83o-temos-sobre-a-covid-19\/\" target=\"_blank\" rel=\"noreferrer noopener\" aria-label=\"Vis\u00e3o (opens in a new tab)\">Vis\u00e3o<\/a><\/p>\n<\/div><\/div>\n<\/div><\/div>\n","protected":false},"excerpt":{"rendered":"<p>Carlota Louro, docente da NMS|FCM, comenta a quest\u00e3o do pico da pandemia, no programa Pol\u00edgrafo SICSIC &nbsp; Miguel Ferreira e Susana Peralta, ambos da Nova SBE, est\u00e3o entre os especialistas que ser\u00e3o ouvidos pelo Primeiro Ministro Ant\u00f3nio Costa com vista \u00e0 ado\u00e7\u00e3o de medidas para uma&nbsp;economia p\u00f3s-COVIDP\u00fablico | ECO | Jornal Econ\u00f3mico | i | &#8230; <a title=\"13 de abril\" class=\"read-more\" href=\"https:\/\/covid360.unl.pt\/?p=3063\">Ler mais <span class=\"screen-reader-text\">13 de abril<\/span><\/a><\/p>\n","protected":false},"author":4,"featured_media":0,"comment_status":"closed","ping_status":"open","sticky":false,"template":"","format":"standard","meta":[],"categories":[6],"tags":[],"_links":{"self":[{"href":"https:\/\/covid360.unl.pt\/index.php?rest_route=\/wp\/v2\/posts\/3063"}],"collection":[{"href":"https:\/\/covid360.unl.pt\/index.php?rest_route=\/wp\/v2\/posts"}],"about":[{"href":"https:\/\/covid360.unl.pt\/index.php?rest_route=\/wp\/v2\/types\/post"}],"author":[{"embeddable":true,"href":"https:\/\/covid360.unl.pt\/index.php?rest_route=\/wp\/v2\/users\/4"}],"replies":[{"embeddable":true,"href":"https:\/\/covid360.unl.pt\/index.php?rest_route=%2Fwp%2Fv2%2Fcomments&post=3063"}],"version-history":[{"count":1,"href":"https:\/\/covid360.unl.pt\/index.php?rest_route=\/wp\/v2\/posts\/3063\/revisions"}],"predecessor-version":[{"id":3064,"href":"https:\/\/covid360.unl.pt\/index.php?rest_route=\/wp\/v2\/posts\/3063\/revisions\/3064"}],"wp:attachment":[{"href":"https:\/\/covid360.unl.pt\/index.php?rest_route=%2Fwp%2Fv2%2Fmedia&parent=3063"}],"wp:term":[{"taxonomy":"category","embeddable":true,"href":"https:\/\/covid360.unl.pt\/index.php?rest_route=%2Fwp%2Fv2%2Fcategories&post=3063"},{"taxonomy":"post_tag","embeddable":true,"href":"https:\/\/covid360.unl.pt\/index.php?rest_route=%2Fwp%2Fv2%2Ftags&post=3063"}],"curies":[{"name":"wp","href":"https:\/\/api.w.org\/{rel}","templated":true}]}}