{"id":3065,"date":"2020-04-14T15:24:11","date_gmt":"2020-04-14T14:24:11","guid":{"rendered":"https:\/\/covid360.unl.pt\/?p=3065"},"modified":"2020-07-29T15:31:08","modified_gmt":"2020-07-29T14:31:08","slug":"14-de-abril","status":"publish","type":"post","link":"https:\/\/covid360.unl.pt\/?p=3065","title":{"rendered":"14 de abril"},"content":{"rendered":"\n<div class=\"wp-container-1 wp-block-group alignwide\"><div class=\"wp-block-group__inner-container\">\n<div class=\"wp-block-media-text alignwide\" style=\"grid-template-columns:34% auto\"><figure class=\"wp-block-media-text__media\"><img loading=\"lazy\" width=\"300\" height=\"180\" src=\"https:\/\/covid360.unl.pt\/wp-content\/uploads\/2020\/03\/virus_portugal.jpg\" alt=\"\" class=\"wp-image-1189\"\/><\/figure><div class=\"wp-block-media-text__content\">\n<p>In\u00eas Fronteira, professora do IHMT\u2013NOVA, fala ao jornal internacional POLITICO de como Portugal se tornou a exce\u00e7\u00e3o do coronav\u00edrus da Europa<br><a href=\"https:\/\/www.politico.eu\/article\/how-portugal-became-europes-coronavirus-exception\/\" target=\"_blank\" rel=\"noreferrer noopener\" aria-label=\"POLITICO (opens in a new tab)\">POLITICO<\/a> (artigo em ingl\u00eas)<\/p>\n\n\n\n<p class=\"has-text-color has-small-font-size has-cyan-bluish-gray-color\">Photo by&nbsp;<a href=\"https:\/\/unsplash.com\/@kobuagency?utm_source=unsplash&amp;utm_medium=referral&amp;utm_content=creditCopyText\">KOBU Agency<\/a>&nbsp;on&nbsp;<a href=\"https:\/\/unsplash.com\/?utm_source=unsplash&amp;utm_medium=referral&amp;utm_content=creditCopyText\">Unsplash<\/a><\/p>\n<\/div><\/div>\n\n\n\n<p>&nbsp;<\/p>\n\n\n\n<div class=\"wp-block-media-text alignwide\" style=\"grid-template-columns:34% auto\"><figure class=\"wp-block-media-text__media\"><img loading=\"lazy\" width=\"300\" height=\"180\" src=\"https:\/\/covid360.unl.pt\/wp-content\/uploads\/2020\/03\/estudo_impacto_isolamento.jpg\" alt=\"\" class=\"wp-image-1854\"\/><\/figure><div class=\"wp-block-media-text__content\">\n<p>Jos\u00e9 de S\u00e3o Jos\u00e9, Soci\u00f3logo e Investigador do <a href=\"https:\/\/www.cics.nova.fcsh.unl.pt\/\" target=\"_blank\" rel=\"noreferrer noopener\" aria-label=\"CICS.NOVA (opens in a new tab)\">CICS.NOVA<\/a>, explica projeto que vai estudar o impacto do isolamento for\u00e7ado pela pandemia Covid-19 na popula\u00e7\u00e3o com mais de 65 anos<br><a href=\"https:\/\/sicnoticias.pt\/especiais\/coronavirus\/2020-04-14-Qual-e-o-impacto-do-isolamento-forcado-pela-pandemia-Covid-19-?fbclid=IwAR27gQlW_4eBPCfjSoHdzQu9DoT-s-4je2ues1n4UoPW962h9_r-4Jy9GOc\" target=\"_blank\" rel=\"noreferrer noopener\" aria-label=\"SIC Not\u00edcias (opens in a new tab)\">SIC Not\u00edcias<\/a><\/p>\n\n\n\n<p class=\"has-text-color has-small-font-size has-cyan-bluish-gray-color\">Photo by&nbsp;<a href=\"https:\/\/unsplash.com\/@jddesigns?utm_source=unsplash&amp;utm_medium=referral&amp;utm_content=creditCopyText\">JD Designs<\/a>&nbsp;on&nbsp;<a href=\"https:\/\/unsplash.com\/?utm_source=unsplash&amp;utm_medium=referral&amp;utm_content=creditCopyText\">Unsplash<\/a><\/p>\n<\/div><\/div>\n\n\n\n<p>&nbsp;<\/p>\n\n\n\n<div class=\"wp-block-media-text alignwide\" style=\"grid-template-columns:34% auto\"><figure class=\"wp-block-media-text__media\"><img loading=\"lazy\" width=\"300\" height=\"180\" src=\"https:\/\/covid360.unl.pt\/wp-content\/uploads\/2020\/03\/petroleo.jpg\" alt=\"\" class=\"wp-image-1143\"\/><\/figure><div class=\"wp-block-media-text__content\">\n<p>A pandemia, os pre\u00e7os do petr\u00f3leo, e o futuro energ\u00e9tico do planeta, sob o ponto de vista de Jos\u00e9 Pedro Teixeira Fernandes, investigador do Instituto Portugu\u00eas de Rela\u00e7\u00f5es Internacionais (IPRI-NOVA)<br><a href=\"http:\/\/www.ipri.pt\/index.php\/pt\/media-o-m\/multimedia\/3348-programa-mapa-mundo-a-pandemia-os-precos-do-petroleo-e-o-futuro-energetico-do-planeta\" target=\"_blank\" rel=\"noreferrer noopener\" aria-label=\"TSF (opens in a new tab)\">TSF<\/a><\/p>\n\n\n\n<p class=\"has-text-color has-small-font-size has-cyan-bluish-gray-color\">Photo by&nbsp;<a href=\"https:\/\/unsplash.com\/@juanlf?utm_source=unsplash&amp;utm_medium=referral&amp;utm_content=creditCopyText\">Juan Fernandez<\/a>&nbsp;on&nbsp;<a href=\"https:\/\/unsplash.com\/?utm_source=unsplash&amp;utm_medium=referral&amp;utm_content=creditCopyText\">Unsplash<\/a><\/p>\n<\/div><\/div>\n\n\n\n<p>&nbsp;<\/p>\n\n\n\n<div class=\"wp-block-media-text alignwide\" style=\"grid-template-columns:34% auto\"><figure class=\"wp-block-media-text__media\"><img loading=\"lazy\" width=\"1024\" height=\"678\" src=\"https:\/\/covid360.unl.pt\/wp-content\/uploads\/2020\/03\/augusta-street-1739258_1920-1024x678.jpg\" alt=\"\" class=\"wp-image-994\" srcset=\"https:\/\/covid360.unl.pt\/wp-content\/uploads\/2020\/03\/augusta-street-1739258_1920-1024x678.jpg 1024w, https:\/\/covid360.unl.pt\/wp-content\/uploads\/2020\/03\/augusta-street-1739258_1920-300x199.jpg 300w, https:\/\/covid360.unl.pt\/wp-content\/uploads\/2020\/03\/augusta-street-1739258_1920-768x508.jpg 768w, https:\/\/covid360.unl.pt\/wp-content\/uploads\/2020\/03\/augusta-street-1739258_1920-1536x1017.jpg 1536w, https:\/\/covid360.unl.pt\/wp-content\/uploads\/2020\/03\/augusta-street-1739258_1920.jpg 1920w\" sizes=\"(max-width: 1024px) 100vw, 1024px\" \/><\/figure><div class=\"wp-block-media-text__content\">\n<p>Tiago Correia, do IHMT NOVA, avisa que regresso \u00e0 normalidade ter\u00e1 de ser gradual<br><a href=\"https:\/\/cidade.iol.pt\/noticias\/99493\/regresso-a-normalidade-enquanto-nao-existir-vacina-sera-gradual\" target=\"_blank\" rel=\"noreferrer noopener\" aria-label=\"Cidade FM (opens in a new tab)\">Cidade FM<\/a> | <a href=\"https:\/\/radiocomercial.iol.pt\/noticias\/99493\/regresso-a-normalidade-enquanto-nao-existir-vacina-sera-gradual\" target=\"_blank\" rel=\"noreferrer noopener\" aria-label=\"R\u00e1dio Comercial (opens in a new tab)\">R\u00e1dio Comercial<\/a> | <a href=\"https:\/\/smoothfm.iol.pt\/noticias\/99493\/regresso-a-normalidade-enquanto-nao-existir-vacina-sera-gradual\" target=\"_blank\" rel=\"noreferrer noopener\" aria-label=\"Smooth FM (opens in a new tab)\">Smooth FM<\/a><\/p>\n<\/div><\/div>\n\n\n\n<p>&nbsp;<\/p>\n\n\n\n<div class=\"wp-block-media-text alignwide\" style=\"grid-template-columns:34% auto\"><figure class=\"wp-block-media-text__media\"><img loading=\"lazy\" width=\"300\" height=\"180\" src=\"https:\/\/covid360.unl.pt\/wp-content\/uploads\/2020\/03\/estatistica-1.jpg\" alt=\"\" class=\"wp-image-1032\"\/><\/figure><div class=\"wp-block-media-text__content\">\n<p>&#8220;Pandemia pode criar oportunidades?&#8221;: dois docentes da Nova SBE est\u00e3o entre os especialistas que ser\u00e3o ouvidos pelo Primeiro Ministro<br><a href=\"https:\/\/www.dinheirovivo.pt\/economia\/pandemia-pode-criar-oportunidades-tudo-depende-da-duracao-e-dos-governos\/\" target=\"_blank\" rel=\"noreferrer noopener\" aria-label=\"Dinheiro Vivo (opens in a new tab)\">Dinheiro Vivo<\/a> | <a href=\"https:\/\/eco.sapo.pt\/2020\/04\/14\/quem-sao-os-economistas-de-elite-que-costa-quer-que-salvem-a-economia\/\" target=\"_blank\" rel=\"noreferrer noopener\" aria-label=\"ECO (opens in a new tab)\">ECO<\/a> | <a href=\"https:\/\/executivedigest.sapo.pt\/covid-19-antonio-costa-vai-reunir-se-com-economistas-para-preparar-relancamento-de-comercio-e-servicos\/\" target=\"_blank\" rel=\"noreferrer noopener\" aria-label=\"Executive Digest (opens in a new tab)\">Executive Digest<\/a> | <a href=\"https:\/\/hrportugal.sapo.pt\/primeiro-ministro-reune-com-25-economistas-e-academicos-para-preparar-relancamento-da-economia\/\" target=\"_blank\" rel=\"noreferrer noopener\" aria-label=\"Human Resources Portugal (opens in a new tab)\">Human Resources Portugal<\/a> | <a href=\"https:\/\/observador.pt\/2020\/04\/14\/banco-de-portugal-universidades-e-especialistas-os-25-nomes-que-vao-falar-sobre-a-economia-com-antonio-costa\/\" target=\"_blank\" rel=\"noreferrer noopener\" aria-label=\"Observador (opens in a new tab)\">Observador<\/a> | <a href=\"https:\/\/www.dn.pt\/edicao-do-dia\/14-abr-2020\/costa-recebe-economistas-e-quer-saber-pandemia-pode-criar-oportunidades-tudo-depende-da-duracao-e-dos-governos-12066147.html\" target=\"_blank\" rel=\"noreferrer noopener\" aria-label=\"Di\u00e1rio de Not\u00edcias\n (opens in a new tab)\">Di\u00e1rio de Not\u00edcias<\/a> | <a href=\"https:\/\/www.tsf.pt\/programa\/noticiarios\/emissao\/manha-tsf---14-de-abril-2020-12066222.html\" target=\"_blank\" rel=\"noreferrer noopener\" aria-label=\"TSF (opens in a new tab)\">TSF<\/a> [min 01:57]<\/p>\n<\/div><\/div>\n\n\n\n<p>&nbsp;<\/p>\n\n\n\n<div class=\"wp-block-media-text alignwide\" style=\"grid-template-columns:34% auto\"><figure class=\"wp-block-media-text__media\"><img loading=\"lazy\" width=\"300\" height=\"180\" src=\"https:\/\/covid360.unl.pt\/wp-content\/uploads\/2020\/03\/NOVA_Medidas_contig\u00eancia.jpg\" alt=\"\" class=\"wp-image-996\"\/><\/figure><div class=\"wp-block-media-text__content\">\n<p>Jo\u00e3o Amaro de Matos, Vice-Reitor da NOVA, escreve sobre as implica\u00e7\u00f5es da COVID-19 nas universidades<br><a href=\"https:\/\/expresso.pt\/opiniao\/2020-04-14-Universidades-virais\" target=\"_blank\" rel=\"noreferrer noopener\" aria-label=\"Expresso (opens in a new tab)\">Expresso<\/a><\/p>\n<\/div><\/div>\n\n\n\n<p>&nbsp;<\/p>\n\n\n\n<div class=\"wp-block-media-text alignwide\" style=\"grid-template-columns:34% auto\"><figure class=\"wp-block-media-text__media\"><img loading=\"lazy\" width=\"300\" height=\"180\" src=\"https:\/\/covid360.unl.pt\/wp-content\/uploads\/2020\/03\/teletrabalho4.jpg\" alt=\"\" class=\"wp-image-997\"\/><\/figure><div class=\"wp-block-media-text__content\">\n<p>Susana Peralta, da Nova SBE, foi uma das oradoras numa confer\u00eancia online da Gulbenkian sobre as respostas \u00e0 crise gerada pela COVID-19<br><a href=\"https:\/\/www.wattson.pt\/2020\/04\/14\/covid-19-em-conferencia-gulbenkian\/\" target=\"_blank\" rel=\"noreferrer noopener\" aria-label=\"Wattson (opens in a new tab)\">Wattson<\/a><\/p>\n<\/div><\/div>\n<\/div><\/div>\n","protected":false},"excerpt":{"rendered":"<p>In\u00eas Fronteira, professora do IHMT\u2013NOVA, fala ao jornal internacional POLITICO de como Portugal se tornou a exce\u00e7\u00e3o do coronav\u00edrus da EuropaPOLITICO (artigo em ingl\u00eas) Photo by&nbsp;KOBU Agency&nbsp;on&nbsp;Unsplash &nbsp; Jos\u00e9 de S\u00e3o Jos\u00e9, Soci\u00f3logo e Investigador do CICS.NOVA, explica projeto que vai estudar o impacto do isolamento for\u00e7ado pela pandemia Covid-19 na popula\u00e7\u00e3o com mais de &#8230; <a title=\"14 de abril\" class=\"read-more\" href=\"https:\/\/covid360.unl.pt\/?p=3065\">Ler mais <span class=\"screen-reader-text\">14 de abril<\/span><\/a><\/p>\n","protected":false},"author":4,"featured_media":0,"comment_status":"closed","ping_status":"open","sticky":false,"template":"","format":"standard","meta":[],"categories":[6],"tags":[],"_links":{"self":[{"href":"https:\/\/covid360.unl.pt\/index.php?rest_route=\/wp\/v2\/posts\/3065"}],"collection":[{"href":"https:\/\/covid360.unl.pt\/index.php?rest_route=\/wp\/v2\/posts"}],"about":[{"href":"https:\/\/covid360.unl.pt\/index.php?rest_route=\/wp\/v2\/types\/post"}],"author":[{"embeddable":true,"href":"https:\/\/covid360.unl.pt\/index.php?rest_route=\/wp\/v2\/users\/4"}],"replies":[{"embeddable":true,"href":"https:\/\/covid360.unl.pt\/index.php?rest_route=%2Fwp%2Fv2%2Fcomments&post=3065"}],"version-history":[{"count":1,"href":"https:\/\/covid360.unl.pt\/index.php?rest_route=\/wp\/v2\/posts\/3065\/revisions"}],"predecessor-version":[{"id":3066,"href":"https:\/\/covid360.unl.pt\/index.php?rest_route=\/wp\/v2\/posts\/3065\/revisions\/3066"}],"wp:attachment":[{"href":"https:\/\/covid360.unl.pt\/index.php?rest_route=%2Fwp%2Fv2%2Fmedia&parent=3065"}],"wp:term":[{"taxonomy":"category","embeddable":true,"href":"https:\/\/covid360.unl.pt\/index.php?rest_route=%2Fwp%2Fv2%2Fcategories&post=3065"},{"taxonomy":"post_tag","embeddable":true,"href":"https:\/\/covid360.unl.pt\/index.php?rest_route=%2Fwp%2Fv2%2Ftags&post=3065"}],"curies":[{"name":"wp","href":"https:\/\/api.w.org\/{rel}","templated":true}]}}