{"id":3067,"date":"2020-04-15T15:31:40","date_gmt":"2020-04-15T14:31:40","guid":{"rendered":"https:\/\/covid360.unl.pt\/?p=3067"},"modified":"2020-07-29T15:32:17","modified_gmt":"2020-07-29T14:32:17","slug":"15-de-abril","status":"publish","type":"post","link":"https:\/\/covid360.unl.pt\/?p=3067","title":{"rendered":"15 de abril"},"content":{"rendered":"\n<div class=\"wp-container-1 wp-block-group alignwide\"><div class=\"wp-block-group__inner-container\">\n<div class=\"wp-block-media-text alignwide\" style=\"grid-template-columns:34% auto\"><figure class=\"wp-block-media-text__media\"><img loading=\"lazy\" width=\"300\" height=\"180\" src=\"https:\/\/covid360.unl.pt\/wp-content\/uploads\/2020\/03\/geopolitica.jpg\" alt=\"\" class=\"wp-image-1134\"\/><\/figure><div class=\"wp-block-media-text__content\">\n<p class=\"has-normal-font-size\">Coment\u00e1rios de Nuno Severiano Teixeira, professor na NOVA FCSH e diretor do Instituto Portugu\u00eas de Rela\u00e7\u00f5es Internacionais (IPRI-NOVA), sobre o COVID-19 e as rela\u00e7\u00f5es entre Estados e Organiza\u00e7\u00f5es Internacionais<br><a href=\"http:\/\/www.ipri.pt\/index.php\/pt\/media-o-m\/multimedia\/3351-comentario-na-edicao-da-noite-sobre-o-covid-19-e-as-relacoes-entre-estados-e-organizacoes-internacionais\" target=\"_blank\" rel=\"noreferrer noopener\" aria-label=\"SIC Not\u00edcias (opens in a new tab)\">SIC Not\u00edcias<\/a><\/p>\n<\/div><\/div>\n\n\n\n<p>&nbsp;<\/p>\n\n\n\n<div class=\"wp-block-media-text alignwide\" style=\"grid-template-columns:34% auto\"><figure class=\"wp-block-media-text__media\"><img loading=\"lazy\" width=\"300\" height=\"180\" src=\"https:\/\/covid360.unl.pt\/wp-content\/uploads\/2020\/04\/empresario.jpg\" alt=\"\" class=\"wp-image-1036\"\/><\/figure><div class=\"wp-block-media-text__content\">\n<p class=\"has-normal-font-size\">Coment\u00e1rios de Susana Peralta, professora da Nova SBE, ap\u00f3s reuni\u00e3o com o primeiro-ministro e o ministro da Economia no \u00e2mbito da recess\u00e3o econ\u00f3mica e o regresso \u00e0 atividade no per\u00edodo p\u00f3s-pandemia<br><a href=\"https:\/\/www.rtp.pt\/play\/p6657\/e467119\/jornal-das-12\" target=\"_blank\" rel=\"noreferrer noopener\" aria-label=\"RTP3 (opens in a new tab)\">RTP3<\/a> [min 07:45] | <a href=\"https:\/\/observador.pt\/especiais\/o-que-antonio-costa-ouviu-dos-economistas-sobre-como-recuperar-da-maior-crise-que-da-cabo-do-turismo\/\" target=\"_blank\" rel=\"noreferrer noopener\" aria-label=\"Observador (opens in a new tab)\">Observador<\/a> | <a href=\"https:\/\/www.dn.pt\/dinheiro\/governo-estuda-reabertura-gradual-da-economia-mas-ainda-nao-ha-data-12070853.html\" target=\"_blank\" rel=\"noreferrer noopener\" aria-label=\"Di\u00e1rio de Not\u00edcias (opens in a new tab)\">Di\u00e1rio de Not\u00edcias<\/a><\/p>\n<\/div><\/div>\n\n\n\n<p>&nbsp;<\/p>\n\n\n\n<div class=\"wp-block-media-text alignwide\" style=\"grid-template-columns:34% auto\"><figure class=\"wp-block-media-text__media\"><img loading=\"lazy\" width=\"300\" height=\"180\" src=\"https:\/\/covid360.unl.pt\/wp-content\/uploads\/2020\/03\/Revenge_spending-1.jpg\" alt=\"\" class=\"wp-image-1218\"\/><\/figure><div class=\"wp-block-media-text__content\">\n<p>Pedro Pita Barros, professor da Nova SBE, foi um dos convidados da da terceira confer\u00eancia do ciclo online &#8220;A import\u00e2ncia de sermos tratados em casa&#8221;, onde o impacto econ\u00f3mico e social do Covid-19 foi o tema de destaque<br><a href=\"https:\/\/expresso.pt\/sociedade\/2020-04-15-Covid-19.-Se-nem-todos-os-hospitais-sao-iguais-nem-todos-os-doentes-sao-iguais?fbclid=IwAR0S4y3_B08pxRKf7Tciheb2vrReucWv-Lgu3pDSGYUyXjByGelpXhzUIlw\" target=\"_blank\" rel=\"noreferrer noopener\" aria-label=\"Expresso (opens in a new tab)\">Expresso<\/a><\/p>\n<\/div><\/div>\n\n\n\n<p>&nbsp;<\/p>\n\n\n\n<div class=\"wp-block-media-text alignwide\" style=\"grid-template-columns:34% auto\"><figure class=\"wp-block-media-text__media\"><img loading=\"lazy\" width=\"300\" height=\"180\" src=\"https:\/\/covid360.unl.pt\/wp-content\/uploads\/2020\/04\/proteja-se-1.jpg\" alt=\"\" class=\"wp-image-1051\"\/><\/figure><div class=\"wp-block-media-text__content\">\n<p class=\"has-normal-font-size\">Question\u00e1rio do Bar\u00f3metro Covid-19 da Escola Nacional de Sa\u00fade P\u00fablica revela que mais de 6 em cada 10 casos suspeitos de Covid-19 em profissionais de sa\u00fade n\u00e3o foram submetidos a vigil\u00e2ncia ativa<br><a href=\"https:\/\/visao.sapo.pt\/visaosaude\/2020-04-15-covid-19-mais-de-60-dos-casos-suspeitos-em-profissionais-de-saude-sem-vigilancia-ativa\/\" target=\"_blank\" rel=\"noreferrer noopener\">Vis\u00e3o<\/a> | <a href=\"https:\/\/sol.sapo.pt\/artigo\/693103\/barometro-revela-que-profissionais-de-sa-de-suspeitos-de-ter-sido-infectados-com-covid-19-nao-estao-a-ter-o-acompanhamento-adequado\" target=\"_blank\" rel=\"noreferrer noopener\" aria-label=\"Sol (opens in a new tab)\">Sol<\/a> | <a href=\"https:\/\/24.sapo.pt\/atualidade\/artigos\/mais-de-60-dos-casos-suspeitos-em-profissionais-de-saude-sem-vigilancia-ativa\" target=\"_blank\" rel=\"noreferrer noopener\" aria-label=\"Sapo (opens in a new tab)\">Sapo<\/a> | <a href=\"https:\/\/www.publico.pt\/2020\/04\/15\/sociedade\/noticia\/apenas-quarto-profissionais-testados-covid19-fizeram-analise-primeiras-24-horas-1912434\" target=\"_blank\" rel=\"noreferrer noopener\" aria-label=\"P\u00fablico (opens in a new tab)\">P\u00fablico<\/a> | <a href=\"https:\/\/www.jn.pt\/nacional\/mais-de-60-dos-casos-suspeitos-em-profissionais-de-saude-sem-vigilancia-ativa-12074493.html\" target=\"_blank\" rel=\"noreferrer noopener\" aria-label=\"Jornal de Not\u00edcias (opens in a new tab)\">Jornal de Not\u00edcias<\/a> | <a href=\"https:\/\/www.tsf.pt\/portugal\/sociedade\/um-terco-dos-profissionais-de-saude-tem-falta-de-equipamentos-de-protecao-12076205.html\" target=\"_blank\" rel=\"noreferrer noopener\" aria-label=\"TSF (opens in a new tab)\">TSF<\/a><\/p>\n<\/div><\/div>\n\n\n\n<p>&nbsp;<\/p>\n\n\n\n<div class=\"wp-block-media-text alignwide\" style=\"grid-template-columns:34% auto\"><figure class=\"wp-block-media-text__media\"><img loading=\"lazy\" width=\"300\" height=\"180\" src=\"https:\/\/covid360.unl.pt\/wp-content\/uploads\/2020\/04\/ensino-distancia.jpg\" alt=\"\" class=\"wp-image-1043\"\/><\/figure><div class=\"wp-block-media-text__content\">\n<p>Na semana em que arrancou o 3.\u00ba per\u00edodo do corrente ano letivo, estudo da Nova SBE indica que 23% dos alunos at\u00e9 ao 12.\u00ba n\u00e3o t\u00eam computador com acesso \u00e0 Internet<br><a href=\"https:\/\/www.dinheirovivo.pt\/economia\/estudo-nova-sbe-23-dos-alunos-ate-ao-12-o-nao-tem-computador-com-acesso-a-net\/\" target=\"_blank\" rel=\"noreferrer noopener\" aria-label=\"Dinheiro Vivo (opens in a new tab)\">Dinheiro Vivo<\/a> | <a href=\"https:\/\/observador.pt\/2020\/04\/15\/alunos-sem-computador-sao-mais-do-que-se-pensa-nas-escolas-publicas-quase-um-terco-dos-alunos-do-ensino-basico-nao-tem-equipamento\/\" target=\"_blank\" rel=\"noreferrer noopener\" aria-label=\"Observador (opens in a new tab)\">Observador<\/a> | <a href=\"https:\/\/tek.sapo.pt\/noticias\/computadores\/artigos\/23-dos-estudantes-estao-fora-das-aulas-online-porque-nao-tem-computadores-com-internet-em-casa\" target=\"_blank\" rel=\"noreferrer noopener\" aria-label=\"Sapo TEK (opens in a new tab)\">Sapo TEK<\/a><\/p>\n<\/div><\/div>\n<\/div><\/div>\n","protected":false},"excerpt":{"rendered":"<p>Coment\u00e1rios de Nuno Severiano Teixeira, professor na NOVA FCSH e diretor do Instituto Portugu\u00eas de Rela\u00e7\u00f5es Internacionais (IPRI-NOVA), sobre o COVID-19 e as rela\u00e7\u00f5es entre Estados e Organiza\u00e7\u00f5es InternacionaisSIC Not\u00edcias &nbsp; Coment\u00e1rios de Susana Peralta, professora da Nova SBE, ap\u00f3s reuni\u00e3o com o primeiro-ministro e o ministro da Economia no \u00e2mbito da recess\u00e3o econ\u00f3mica e &#8230; <a title=\"15 de abril\" class=\"read-more\" href=\"https:\/\/covid360.unl.pt\/?p=3067\">Ler mais <span class=\"screen-reader-text\">15 de abril<\/span><\/a><\/p>\n","protected":false},"author":4,"featured_media":0,"comment_status":"closed","ping_status":"open","sticky":false,"template":"","format":"standard","meta":[],"categories":[6],"tags":[],"_links":{"self":[{"href":"https:\/\/covid360.unl.pt\/index.php?rest_route=\/wp\/v2\/posts\/3067"}],"collection":[{"href":"https:\/\/covid360.unl.pt\/index.php?rest_route=\/wp\/v2\/posts"}],"about":[{"href":"https:\/\/covid360.unl.pt\/index.php?rest_route=\/wp\/v2\/types\/post"}],"author":[{"embeddable":true,"href":"https:\/\/covid360.unl.pt\/index.php?rest_route=\/wp\/v2\/users\/4"}],"replies":[{"embeddable":true,"href":"https:\/\/covid360.unl.pt\/index.php?rest_route=%2Fwp%2Fv2%2Fcomments&post=3067"}],"version-history":[{"count":1,"href":"https:\/\/covid360.unl.pt\/index.php?rest_route=\/wp\/v2\/posts\/3067\/revisions"}],"predecessor-version":[{"id":3068,"href":"https:\/\/covid360.unl.pt\/index.php?rest_route=\/wp\/v2\/posts\/3067\/revisions\/3068"}],"wp:attachment":[{"href":"https:\/\/covid360.unl.pt\/index.php?rest_route=%2Fwp%2Fv2%2Fmedia&parent=3067"}],"wp:term":[{"taxonomy":"category","embeddable":true,"href":"https:\/\/covid360.unl.pt\/index.php?rest_route=%2Fwp%2Fv2%2Fcategories&post=3067"},{"taxonomy":"post_tag","embeddable":true,"href":"https:\/\/covid360.unl.pt\/index.php?rest_route=%2Fwp%2Fv2%2Ftags&post=3067"}],"curies":[{"name":"wp","href":"https:\/\/api.w.org\/{rel}","templated":true}]}}