{"id":3069,"date":"2020-04-16T15:47:04","date_gmt":"2020-04-16T14:47:04","guid":{"rendered":"https:\/\/covid360.unl.pt\/?p=3069"},"modified":"2020-07-29T15:47:39","modified_gmt":"2020-07-29T14:47:39","slug":"16-de-abril","status":"publish","type":"post","link":"https:\/\/covid360.unl.pt\/?p=3069","title":{"rendered":"16 de abril"},"content":{"rendered":"\n<div class=\"wp-container-1 wp-block-group alignwide\"><div class=\"wp-block-group__inner-container\">\n<div class=\"wp-block-media-text alignwide\" style=\"grid-template-columns:34% auto\"><figure class=\"wp-block-media-text__media\"><img loading=\"lazy\" width=\"300\" height=\"180\" src=\"https:\/\/covid360.unl.pt\/wp-content\/uploads\/2020\/03\/industria_solidaria.jpg\" alt=\"\" class=\"wp-image-1109\"\/><\/figure><div class=\"wp-block-media-text__content\">\n<p>Pedro Pita Barros, professor de Economia na Nova SBE, foi um dos convidados do programa Sociedade Civil onde se falou da ind\u00fastria e da solidariedade das empresas em tempos de Covid-19<br><a href=\"https:\/\/www.rtp.pt\/play\/p6714\/e467242\/sociedade-civil\" target=\"_blank\" rel=\"noreferrer noopener\" aria-label=\"RTP2 (opens in a new tab)\">RTP2<\/a><\/p>\n\n\n\n<p class=\"has-text-color has-small-font-size has-cyan-bluish-gray-color\">Photo by&nbsp;<a href=\"https:\/\/unsplash.com\/@a_kehmeier?utm_source=unsplash&amp;utm_medium=referral&amp;utm_content=creditCopyText\">Austin Kehmeier<\/a>&nbsp;on&nbsp;<a href=\"https:\/\/unsplash.com\/?utm_source=unsplash&amp;utm_medium=referral&amp;utm_content=creditCopyText\">Unsplash<\/a><\/p>\n<\/div><\/div>\n\n\n\n<p>&nbsp;<\/p>\n\n\n\n<div class=\"wp-block-media-text alignwide\" style=\"grid-template-columns:34% auto\"><figure class=\"wp-block-media-text__media\"><img loading=\"lazy\" width=\"300\" height=\"180\" src=\"https:\/\/covid360.unl.pt\/wp-content\/uploads\/2020\/03\/contagio-covid.jpg\" alt=\"\" class=\"wp-image-1362\"\/><\/figure><div class=\"wp-block-media-text__content\">\n<p>O regresso \u00e0 normalidade e a minimiza\u00e7\u00e3o dos impactos de uma segunda vaga da Covid-19, pelas palavras de Jaime Branco (M\u00e9dico Reumatologista e Diretor da NMS|FCM) e Adalberto Campos Fernandes (M\u00e9dico em Sa\u00fade P\u00fablica e Professor da ENSP-NOVA)<br><a href=\"https:\/\/www.publico.pt\/2020\/04\/16\/sociedade\/opiniao\/recuperar-vidas-seguranca-1912457\" target=\"_blank\" rel=\"noreferrer noopener\" aria-label=\"P\u00fablico (opens in a new tab)\">P\u00fablico<\/a><\/p>\n<\/div><\/div>\n\n\n\n<p>&nbsp;<\/p>\n\n\n\n<div class=\"wp-block-media-text alignwide\" style=\"grid-template-columns:34% auto\"><figure class=\"wp-block-media-text__media\"><img loading=\"lazy\" width=\"300\" height=\"180\" src=\"https:\/\/covid360.unl.pt\/wp-content\/uploads\/2020\/03\/distancia_social.jpg\" alt=\"\" class=\"wp-image-1204\"\/><\/figure><div class=\"wp-block-media-text__content\">\n<p>NMS|FCM e Associa\u00e7\u00e3o Portuguesa de Promotores e Investidores Imobili\u00e1rios (APPII) juntam-se para pensar na constru\u00e7\u00e3o de edif\u00edcios p\u00f3s-covid<br><a href=\"https:\/\/www.comunidadeculturaearte.com\/porque-e-que-estamos-obcecados-com-filmes-sobre-catastrofes\/\" target=\"_blank\" rel=\"noreferrer noopener\" aria-label=\"Comunidade Cultura e Arte (opens in a new tab)\">Construir Online<\/a><\/p>\n<\/div><\/div>\n\n\n\n<p>&nbsp;<\/p>\n\n\n\n<div class=\"wp-block-media-text alignwide\" style=\"grid-template-columns:34% auto\"><figure class=\"wp-block-media-text__media\"><img loading=\"lazy\" width=\"300\" height=\"180\" src=\"https:\/\/covid360.unl.pt\/wp-content\/uploads\/2020\/03\/filmes_catastrofes.jpg\" alt=\"\" class=\"wp-image-1114\"\/><\/figure><div class=\"wp-block-media-text__content\">\n<p>Jacinto Godinho e Pedro Flor\u00eancio, jornalistas e professores da Faculdade de Ci\u00eancias Sociais e Humanas, abordam a crescente procura de filmes sobre cat\u00e1strofes e o aparecimento de novos paradigmas narrativos no cinema<br><a href=\"https:\/\/www.comunidadeculturaearte.com\/porque-e-que-estamos-obcecados-com-filmes-sobre-catastrofes\/\" target=\"_blank\" rel=\"noreferrer noopener\" aria-label=\"Comunidade Cultura e Arte (opens in a new tab)\">Comunidade Cultura e Arte<\/a><\/p>\n\n\n\n<p class=\"has-text-color has-small-font-size has-cyan-bluish-gray-color\">Photo by&nbsp;<a href=\"https:\/\/unsplash.com\/@glenncarstenspeters?utm_source=unsplash&amp;utm_medium=referral&amp;utm_content=creditCopyText\">Glenn Carstens-Peters<\/a>&nbsp;on&nbsp;<a href=\"https:\/\/unsplash.com\/?utm_source=unsplash&amp;utm_medium=referral&amp;utm_content=creditCopyText\">Unsplash<\/a><\/p>\n<\/div><\/div>\n\n\n\n<p>&nbsp;<\/p>\n\n\n\n<div class=\"wp-block-media-text alignwide\" style=\"grid-template-columns:34% auto\"><figure class=\"wp-block-media-text__media\"><img loading=\"lazy\" width=\"300\" height=\"180\" src=\"https:\/\/covid360.unl.pt\/wp-content\/uploads\/2020\/03\/taxa-mortalidade.jpg\" alt=\"\" class=\"wp-image-1091\"\/><\/figure><div class=\"wp-block-media-text__content\">\n<p class=\"has-text-color has-small-font-size has-cyan-bluish-gray-color\">Photo by&nbsp;<a href=\"https:\/\/unsplash.com\/@firmbee?utm_source=unsplash&amp;utm_medium=referral&amp;utm_content=creditCopyText\">William Iven<\/a>&nbsp;on&nbsp;<a href=\"https:\/\/unsplash.com\/?utm_source=unsplash&amp;utm_medium=referral&amp;utm_content=creditCopyText\">Unsplash<\/a><\/p>\n\n\n\n<p>Professor Alexandre Abrantes da Escola Nacional de Sa\u00fade P\u00fablica, em entrevista \u00e0 BBC Mundo, fala sobre a diferen\u00e7a da taxa de mortalidade por Covid-19 entre Portugal e Espanha, dois pa\u00edses vizinhos<br><a href=\"https:\/\/www.bbc.com\/mundo\/noticias-internacional-52300024\" target=\"_blank\" rel=\"noreferrer noopener\" aria-label=\"BBC (opens in a new tab)\">BBC<\/a> (artigo em espanhol)<\/p>\n<\/div><\/div>\n\n\n\n<p>&nbsp;<\/p>\n\n\n\n<div class=\"wp-block-media-text alignwide\" style=\"grid-template-columns:34% auto\"><figure class=\"wp-block-media-text__media\"><img loading=\"lazy\" width=\"300\" height=\"180\" src=\"https:\/\/covid360.unl.pt\/wp-content\/uploads\/2020\/03\/estatistica-2.jpg\" alt=\"\" class=\"wp-image-1058\"\/><\/figure><div class=\"wp-block-media-text__content\">\n<p>Coment\u00e1rios de Jaime Nina, professor no Instituto de Higiene e Medicina Tropical, \u00e0 taxa de letalidade em Portugal em compara\u00e7\u00e3o com a m\u00e9dia europeia<br><a href=\"https:\/\/www.dn.pt\/edicao-do-dia\/16-abr-2020\/covid-19-portugal-tem-taxa-de-letalidade-de-33-a-media-europeia-e-de-86-12073722.html\" target=\"_blank\" rel=\"noreferrer noopener\" aria-label=\"Di\u00e1rio de Not\u00edcias (opens in a new tab)\">Di\u00e1rio de Not\u00edcias<\/a> | <a href=\"https:\/\/executivedigest.sapo.pt\/covid-19-portugal-tem-taxa-de-letalidade-de-33-muito-abaixo-da-media-europeia\/\" target=\"_blank\" rel=\"noreferrer noopener\" aria-label=\"Executive Digest (opens in a new tab)\">Executive Digest<\/a><\/p>\n<\/div><\/div>\n\n\n\n<p>&nbsp;<\/p>\n\n\n\n<div class=\"wp-block-media-text alignwide\" style=\"grid-template-columns:34% auto\"><figure class=\"wp-block-media-text__media\"><img loading=\"lazy\" width=\"300\" height=\"180\" src=\"https:\/\/covid360.unl.pt\/wp-content\/uploads\/2020\/03\/vitamina-d.jpg\" alt=\"\" class=\"wp-image-1068\"\/><\/figure><div class=\"wp-block-media-text__content\">\n<p>Concei\u00e7\u00e3o Calhau, investigadora e profressora da NMS|FCM, fala sobre os estudos que indicam que a doen\u00e7a Covid-19 pode estar relacionada com car\u00eancia de vitamina D<br><a href=\"https:\/\/tvi24.iol.pt\/videos\/sociedade\/covid-19-pode-estar-relacionada-com-falta-de-vitamina-d\/5e98173b0cf2a58834202722\" target=\"_blank\" rel=\"noreferrer noopener\" aria-label=\"TVI24 (opens in a new tab)\">TVI24<\/a><\/p>\n\n\n\n<p class=\"has-text-color has-small-font-size has-cyan-bluish-gray-color\">Photo by&nbsp;<a href=\"https:\/\/unsplash.com\/@melissaaskew?utm_source=unsplash&amp;utm_medium=referral&amp;utm_content=creditCopyText\">Melissa Askew<\/a>&nbsp;on&nbsp;<a href=\"https:\/\/unsplash.com\/?utm_source=unsplash&amp;utm_medium=referral&amp;utm_content=creditCopyText\">Unsplash<\/a><\/p>\n<\/div><\/div>\n<\/div><\/div>\n","protected":false},"excerpt":{"rendered":"<p>Pedro Pita Barros, professor de Economia na Nova SBE, foi um dos convidados do programa Sociedade Civil onde se falou da ind\u00fastria e da solidariedade das empresas em tempos de Covid-19RTP2 Photo by&nbsp;Austin Kehmeier&nbsp;on&nbsp;Unsplash &nbsp; O regresso \u00e0 normalidade e a minimiza\u00e7\u00e3o dos impactos de uma segunda vaga da Covid-19, pelas palavras de Jaime Branco &#8230; <a title=\"16 de abril\" class=\"read-more\" href=\"https:\/\/covid360.unl.pt\/?p=3069\">Ler mais <span class=\"screen-reader-text\">16 de abril<\/span><\/a><\/p>\n","protected":false},"author":4,"featured_media":0,"comment_status":"closed","ping_status":"open","sticky":false,"template":"","format":"standard","meta":[],"categories":[6],"tags":[],"_links":{"self":[{"href":"https:\/\/covid360.unl.pt\/index.php?rest_route=\/wp\/v2\/posts\/3069"}],"collection":[{"href":"https:\/\/covid360.unl.pt\/index.php?rest_route=\/wp\/v2\/posts"}],"about":[{"href":"https:\/\/covid360.unl.pt\/index.php?rest_route=\/wp\/v2\/types\/post"}],"author":[{"embeddable":true,"href":"https:\/\/covid360.unl.pt\/index.php?rest_route=\/wp\/v2\/users\/4"}],"replies":[{"embeddable":true,"href":"https:\/\/covid360.unl.pt\/index.php?rest_route=%2Fwp%2Fv2%2Fcomments&post=3069"}],"version-history":[{"count":1,"href":"https:\/\/covid360.unl.pt\/index.php?rest_route=\/wp\/v2\/posts\/3069\/revisions"}],"predecessor-version":[{"id":3070,"href":"https:\/\/covid360.unl.pt\/index.php?rest_route=\/wp\/v2\/posts\/3069\/revisions\/3070"}],"wp:attachment":[{"href":"https:\/\/covid360.unl.pt\/index.php?rest_route=%2Fwp%2Fv2%2Fmedia&parent=3069"}],"wp:term":[{"taxonomy":"category","embeddable":true,"href":"https:\/\/covid360.unl.pt\/index.php?rest_route=%2Fwp%2Fv2%2Fcategories&post=3069"},{"taxonomy":"post_tag","embeddable":true,"href":"https:\/\/covid360.unl.pt\/index.php?rest_route=%2Fwp%2Fv2%2Ftags&post=3069"}],"curies":[{"name":"wp","href":"https:\/\/api.w.org\/{rel}","templated":true}]}}