{"id":3093,"date":"2020-04-28T16:51:50","date_gmt":"2020-04-28T15:51:50","guid":{"rendered":"https:\/\/covid360.unl.pt\/?p=3093"},"modified":"2020-07-29T16:53:47","modified_gmt":"2020-07-29T15:53:47","slug":"28-de-abril","status":"publish","type":"post","link":"https:\/\/covid360.unl.pt\/?p=3093","title":{"rendered":"28 de abril"},"content":{"rendered":"\n<div class=\"wp-container-1 wp-block-group alignwide\"><div class=\"wp-block-group__inner-container\">\n<div class=\"wp-block-media-text alignwide\" style=\"grid-template-columns:34% auto\"><figure class=\"wp-block-media-text__media\"><img loading=\"lazy\" width=\"300\" height=\"180\" src=\"https:\/\/covid360.unl.pt\/wp-content\/uploads\/2020\/03\/relatorio_NOVA-1.jpg\" alt=\"\" class=\"wp-image-1380\"\/><\/figure><div class=\"wp-block-media-text__content\">\n<p>Professores da NOVA produzem um <a href=\"https:\/\/covid360.unl.pt\/?p=1344\" target=\"_blank\" rel=\"noreferrer noopener\" aria-label=\"Relat\u00f3rio (opens in a new tab)\">Relat\u00f3rio<\/a> onde identificam desafios e recomenda\u00e7\u00f5es para a fase de resposta \u00e0 pandemia que agora se inicia<br><a href=\"https:\/\/expresso.pt\/coronavirus\/2020-04-28-O-pais-pos-pandemia-os-cincos-eixos-que-os-especialistas-da-Nova-aconselham-ao-Governo\" target=\"_blank\" rel=\"noreferrer noopener\">Expresso<\/a><\/p>\n<\/div><\/div>\n\n\n\n<p>&nbsp;<\/p>\n\n\n\n<div class=\"wp-block-media-text alignwide\" style=\"grid-template-columns:34% auto\"><figure class=\"wp-block-media-text__media\"><img loading=\"lazy\" width=\"300\" height=\"180\" src=\"https:\/\/covid360.unl.pt\/wp-content\/uploads\/2020\/03\/evolucao_epidemia.jpg\" alt=\"\" class=\"wp-image-1383\"\/><\/figure><div class=\"wp-block-media-text__content\">\n<p>Numa altura em que o pa\u00eds se prepara para o fim do estado de emerg\u00eancia, os coment\u00e1rios do Professor Tiago Correia (IHMT-NOVA) aos indicadores da evolu\u00e7\u00e3o da epidemia<br><a href=\"https:\/\/tviplayer.iol.pt\/programa\/jornal-das-8\/53c6b3903004dc006243d0cf\/video\/5ea89d7f0cf2c4d7ff3e6d79\" target=\"_blank\" rel=\"noreferrer noopener\" aria-label=\"TVI (opens in a new tab)\">TVI<\/a> [min 37:22]<\/p>\n\n\n\n<p class=\"has-text-color has-small-font-size has-cyan-bluish-gray-color\">Photo by&nbsp;<a href=\"https:\/\/unsplash.com\/@kobuagency?utm_source=unsplash&amp;utm_medium=referral&amp;utm_content=creditCopyText\">KOBU Agency<\/a>&nbsp;on&nbsp;<a href=\"https:\/\/unsplash.com\/?utm_source=unsplash&amp;utm_medium=referral&amp;utm_content=creditCopyText\">Unsplash<\/a><\/p>\n<\/div><\/div>\n\n\n\n<p>&nbsp;<\/p>\n\n\n\n<div class=\"wp-block-media-text alignwide\" style=\"grid-template-columns:34% auto\"><figure class=\"wp-block-media-text__media\"><img loading=\"lazy\" width=\"300\" height=\"180\" src=\"https:\/\/covid360.unl.pt\/wp-content\/uploads\/2020\/03\/etica_ventiladores.jpg\" alt=\"\" class=\"wp-image-1428\"\/><\/figure><div class=\"wp-block-media-text__content\">\n<p>Professora de Direito da Sa\u00fade e da Bio\u00e9tica na NOVA Direito, Helena Pereira de Melo levanta a quest\u00e3o dos crit\u00e9rios para atribui\u00e7\u00e3o de ventiladores<br><a href=\"https:\/\/www.publico.pt\/2020\/04\/28\/opiniao\/opiniao\/covid19-sinos-dobram-1914206\" target=\"_blank\" rel=\"noreferrer noopener\" aria-label=\"P\u00fablico (opens in a new tab)\">P\u00fablico<\/a><\/p>\n\n\n\n<p class=\"has-text-color has-small-font-size has-cyan-bluish-gray-color\">Photo by&nbsp;<a href=\"https:\/\/unsplash.com\/@illest_shinobi?utm_source=unsplash&amp;utm_medium=referral&amp;utm_content=creditCopyText\">Richard Catabay<\/a>&nbsp;on&nbsp;<a href=\"https:\/\/unsplash.com\/?utm_source=unsplash&amp;utm_medium=referral&amp;utm_content=creditCopyText\">Unsplash<\/a><\/p>\n<\/div><\/div>\n<\/div><\/div>\n","protected":false},"excerpt":{"rendered":"<p>Professores da NOVA produzem um Relat\u00f3rio onde identificam desafios e recomenda\u00e7\u00f5es para a fase de resposta \u00e0 pandemia que agora se iniciaExpresso &nbsp; Numa altura em que o pa\u00eds se prepara para o fim do estado de emerg\u00eancia, os coment\u00e1rios do Professor Tiago Correia (IHMT-NOVA) aos indicadores da evolu\u00e7\u00e3o da epidemiaTVI [min 37:22] Photo by&nbsp;KOBU &#8230; <a title=\"28 de abril\" class=\"read-more\" href=\"https:\/\/covid360.unl.pt\/?p=3093\">Ler mais <span class=\"screen-reader-text\">28 de abril<\/span><\/a><\/p>\n","protected":false},"author":4,"featured_media":0,"comment_status":"closed","ping_status":"open","sticky":false,"template":"","format":"standard","meta":[],"categories":[6],"tags":[],"_links":{"self":[{"href":"https:\/\/covid360.unl.pt\/index.php?rest_route=\/wp\/v2\/posts\/3093"}],"collection":[{"href":"https:\/\/covid360.unl.pt\/index.php?rest_route=\/wp\/v2\/posts"}],"about":[{"href":"https:\/\/covid360.unl.pt\/index.php?rest_route=\/wp\/v2\/types\/post"}],"author":[{"embeddable":true,"href":"https:\/\/covid360.unl.pt\/index.php?rest_route=\/wp\/v2\/users\/4"}],"replies":[{"embeddable":true,"href":"https:\/\/covid360.unl.pt\/index.php?rest_route=%2Fwp%2Fv2%2Fcomments&post=3093"}],"version-history":[{"count":1,"href":"https:\/\/covid360.unl.pt\/index.php?rest_route=\/wp\/v2\/posts\/3093\/revisions"}],"predecessor-version":[{"id":3094,"href":"https:\/\/covid360.unl.pt\/index.php?rest_route=\/wp\/v2\/posts\/3093\/revisions\/3094"}],"wp:attachment":[{"href":"https:\/\/covid360.unl.pt\/index.php?rest_route=%2Fwp%2Fv2%2Fmedia&parent=3093"}],"wp:term":[{"taxonomy":"category","embeddable":true,"href":"https:\/\/covid360.unl.pt\/index.php?rest_route=%2Fwp%2Fv2%2Fcategories&post=3093"},{"taxonomy":"post_tag","embeddable":true,"href":"https:\/\/covid360.unl.pt\/index.php?rest_route=%2Fwp%2Fv2%2Ftags&post=3093"}],"curies":[{"name":"wp","href":"https:\/\/api.w.org\/{rel}","templated":true}]}}