{"id":3095,"date":"2020-04-29T16:54:00","date_gmt":"2020-04-29T15:54:00","guid":{"rendered":"https:\/\/covid360.unl.pt\/?p=3095"},"modified":"2020-07-29T16:54:35","modified_gmt":"2020-07-29T15:54:35","slug":"29-de-abril","status":"publish","type":"post","link":"https:\/\/covid360.unl.pt\/?p=3095","title":{"rendered":"29 de abril"},"content":{"rendered":"\n<div class=\"wp-container-1 wp-block-group alignwide\"><div class=\"wp-block-group__inner-container\">\n<div class=\"wp-block-media-text alignwide\" style=\"grid-template-columns:34% auto\"><figure class=\"wp-block-media-text__media\"><img loading=\"lazy\" width=\"300\" height=\"180\" src=\"https:\/\/covid360.unl.pt\/wp-content\/uploads\/2020\/03\/medicos_cansados.jpg\" alt=\"\" class=\"wp-image-1389\"\/><\/figure><div class=\"wp-block-media-text__content\">\n<p>O segundo relat\u00f3rio do <a href=\"https:\/\/barometro-covid-19.ensp.unl.pt\/\" target=\"_blank\" rel=\"noreferrer noopener\" aria-label=\"Bar\u00f3metro Covid-19 (ENSP-NOVA) (opens in a new tab)\">Bar\u00f3metro Covid-19 (ENSP-NOVA)<\/a> sobre os riscos para os profissionais de sa\u00fade continua a revelar limita\u00e7\u00f5es das institui\u00e7\u00f5es no acompanhamento aos m\u00e9dicos e demais trabalhadores<br><a href=\"https:\/\/expresso.pt\/coronavirus\/2020-04-29-Como-estao-os-profissionais-de-saude--Dormem-pouco-tem-muita-ansiedade-e-nem-um-terco-se-automonitoriza\" target=\"_blank\" rel=\"noreferrer noopener\" aria-label=\"Expresso (opens in a new tab)\">Expresso<\/a> | <a href=\"https:\/\/www.publico.pt\/2020\/04\/29\/sociedade\/noticia\/terco-profissionais-saude-falha-autovigilancia-pedida-dgs-1914410\" target=\"_blank\" rel=\"noreferrer noopener\" aria-label=\"P\u00fablico (opens in a new tab)\">P\u00fablico<\/a> | <a href=\"https:\/\/observador.pt\/2020\/04\/30\/um-terco-dos-profissionais-de-saude-nao-faz-automonitorizacao-diaria\/\" target=\"_blank\" rel=\"noreferrer noopener\" aria-label=\"Observador (opens in a new tab)\">Observador<\/a> | <a href=\"https:\/\/www.jn.pt\/nacional\/quase-metade-dos-profissionais-de-saude-dorme-menos-de-seis-horas-12133630.html\" target=\"_blank\" rel=\"noreferrer noopener\" aria-label=\"Jornal de Not\u00edcias (opens in a new tab)\">Jornal de Not\u00edcias<\/a> | <a href=\"https:\/\/www.rtp.pt\/noticias\/noticiario-antena1\/12h00-edicao-de-miguel-soares_a1_1224667\" target=\"_blank\" rel=\"noreferrer noopener\" aria-label=\"Antena 1 (opens in a new tab)\">Antena 1<\/a> [min 04:40] | <a href=\"https:\/\/www.jornalmedico.pt\/atualidade\/38800-covid-19-quase-um-terco-dos-profissionais-de-saude-sem-sistema-organizado-de-gestao-do-risco.html\" target=\"_blank\" rel=\"noreferrer noopener\" aria-label=\"Jornal M\u00e9dico (opens in a new tab)\">Jornal M\u00e9dico<\/a><\/p>\n\n\n\n<p class=\"has-text-color has-small-font-size has-cyan-bluish-gray-color\">Photo by&nbsp;<a href=\"https:\/\/unsplash.com\/@ashkfor121?utm_source=unsplash&amp;utm_medium=referral&amp;utm_content=creditCopyText\">Ashkan Forouzani<\/a>&nbsp;on&nbsp;<a href=\"https:\/\/unsplash.com\/?utm_source=unsplash&amp;utm_medium=referral&amp;utm_content=creditCopyText\">Unsplash<\/a><\/p>\n<\/div><\/div>\n\n\n\n<p>&nbsp;<\/p>\n\n\n\n<div class=\"wp-block-media-text alignwide\" style=\"grid-template-columns:34% auto\"><figure class=\"wp-block-media-text__media\"><img loading=\"lazy\" width=\"300\" height=\"180\" src=\"https:\/\/covid360.unl.pt\/wp-content\/uploads\/2020\/03\/assintomaticos.jpg\" alt=\"\" class=\"wp-image-1397\"\/><\/figure><div class=\"wp-block-media-text__content\">\n<p>Coment\u00e1rio de Celso Cunha, virologista e Professor no IHMT-NOVA, sobre casos de assintom\u00e1ticos com teste positivo<br><a href=\"https:\/\/tviplayer.iol.pt\/programa\/noticias\/53c6b3613004dc006243c401\/video\/5ea9cc7c0cf29545b5714e82\" target=\"_blank\" rel=\"noreferrer noopener\" aria-label=\"TVI24 (opens in a new tab)\">TVI24<\/a> [min 42:00]<\/p>\n\n\n\n<p class=\"has-text-color has-small-font-size has-cyan-bluish-gray-color\">Photo by&nbsp;<a href=\"https:\/\/unsplash.com\/@cdc?utm_source=unsplash&amp;utm_medium=referral&amp;utm_content=creditCopyText\">CDC<\/a>&nbsp;on&nbsp;<a href=\"https:\/\/unsplash.com\/?utm_source=unsplash&amp;utm_medium=referral&amp;utm_content=creditCopyText\">Unsplash<\/a><\/p>\n<\/div><\/div>\n<\/div><\/div>\n","protected":false},"excerpt":{"rendered":"<p>O segundo relat\u00f3rio do Bar\u00f3metro Covid-19 (ENSP-NOVA) sobre os riscos para os profissionais de sa\u00fade continua a revelar limita\u00e7\u00f5es das institui\u00e7\u00f5es no acompanhamento aos m\u00e9dicos e demais trabalhadoresExpresso | P\u00fablico | Observador | Jornal de Not\u00edcias | Antena 1 [min 04:40] | Jornal M\u00e9dico Photo by&nbsp;Ashkan Forouzani&nbsp;on&nbsp;Unsplash &nbsp; Coment\u00e1rio de Celso Cunha, virologista e Professor &#8230; <a title=\"29 de abril\" class=\"read-more\" href=\"https:\/\/covid360.unl.pt\/?p=3095\">Ler mais <span class=\"screen-reader-text\">29 de abril<\/span><\/a><\/p>\n","protected":false},"author":4,"featured_media":0,"comment_status":"closed","ping_status":"open","sticky":false,"template":"","format":"standard","meta":[],"categories":[6],"tags":[],"_links":{"self":[{"href":"https:\/\/covid360.unl.pt\/index.php?rest_route=\/wp\/v2\/posts\/3095"}],"collection":[{"href":"https:\/\/covid360.unl.pt\/index.php?rest_route=\/wp\/v2\/posts"}],"about":[{"href":"https:\/\/covid360.unl.pt\/index.php?rest_route=\/wp\/v2\/types\/post"}],"author":[{"embeddable":true,"href":"https:\/\/covid360.unl.pt\/index.php?rest_route=\/wp\/v2\/users\/4"}],"replies":[{"embeddable":true,"href":"https:\/\/covid360.unl.pt\/index.php?rest_route=%2Fwp%2Fv2%2Fcomments&post=3095"}],"version-history":[{"count":1,"href":"https:\/\/covid360.unl.pt\/index.php?rest_route=\/wp\/v2\/posts\/3095\/revisions"}],"predecessor-version":[{"id":3096,"href":"https:\/\/covid360.unl.pt\/index.php?rest_route=\/wp\/v2\/posts\/3095\/revisions\/3096"}],"wp:attachment":[{"href":"https:\/\/covid360.unl.pt\/index.php?rest_route=%2Fwp%2Fv2%2Fmedia&parent=3095"}],"wp:term":[{"taxonomy":"category","embeddable":true,"href":"https:\/\/covid360.unl.pt\/index.php?rest_route=%2Fwp%2Fv2%2Fcategories&post=3095"},{"taxonomy":"post_tag","embeddable":true,"href":"https:\/\/covid360.unl.pt\/index.php?rest_route=%2Fwp%2Fv2%2Ftags&post=3095"}],"curies":[{"name":"wp","href":"https:\/\/api.w.org\/{rel}","templated":true}]}}