{"id":3097,"date":"2020-04-30T16:54:48","date_gmt":"2020-04-30T15:54:48","guid":{"rendered":"https:\/\/covid360.unl.pt\/?p=3097"},"modified":"2020-07-29T16:55:19","modified_gmt":"2020-07-29T15:55:19","slug":"30-de-abril","status":"publish","type":"post","link":"https:\/\/covid360.unl.pt\/?p=3097","title":{"rendered":"30 de abril"},"content":{"rendered":"\n<div class=\"wp-container-1 wp-block-group alignwide\"><div class=\"wp-block-group__inner-container\">\n<div class=\"wp-block-media-text alignwide\" style=\"grid-template-columns:34% auto\"><figure class=\"wp-block-media-text__media\"><img loading=\"lazy\" width=\"300\" height=\"180\" src=\"https:\/\/covid360.unl.pt\/wp-content\/uploads\/2020\/03\/america_covid.jpg\" alt=\"\" class=\"wp-image-1435\"\/><\/figure><div class=\"wp-block-media-text__content\">\n<p>Especialista em rela\u00e7\u00f5es internacionais, o Professor Carlos Gaspar (NOVA FCSH) considera que os EUA est\u00e3o &#8220;fora de jogo&#8221; no combate mundial \u00e0 pandemia porque se encontram &#8220;ausentes da primeira linha&#8221; de atua\u00e7\u00e3o contra a doen\u00e7a<br><a href=\"https:\/\/www.noticiasaominuto.com\/mundo\/1469503\/eua-estao-fora-de-jogo-no-combate-mundial-a-pandemia\" target=\"_blank\" rel=\"noreferrer noopener\" aria-label=\"Not\u00edcias ao Minuto (opens in a new tab)\">Not\u00edcias ao Minuto<\/a><\/p>\n\n\n\n<p class=\"has-text-color has-small-font-size has-cyan-bluish-gray-color\">Photo by&nbsp;<a href=\"https:\/\/unsplash.com\/@bravodavid?utm_source=unsplash&amp;utm_medium=referral&amp;utm_content=creditCopyText\">Bravo Prince<\/a>&nbsp;on&nbsp;<a href=\"https:\/\/unsplash.com\/?utm_source=unsplash&amp;utm_medium=referral&amp;utm_content=creditCopyText\">Unsplash<\/a><\/p>\n<\/div><\/div>\n<\/div><\/div>\n","protected":false},"excerpt":{"rendered":"<p>Especialista em rela\u00e7\u00f5es internacionais, o Professor Carlos Gaspar (NOVA FCSH) considera que os EUA est\u00e3o &#8220;fora de jogo&#8221; no combate mundial \u00e0 pandemia porque se encontram &#8220;ausentes da primeira linha&#8221; de atua\u00e7\u00e3o contra a doen\u00e7aNot\u00edcias ao Minuto Photo by&nbsp;Bravo Prince&nbsp;on&nbsp;Unsplash<\/p>\n","protected":false},"author":4,"featured_media":0,"comment_status":"closed","ping_status":"open","sticky":false,"template":"","format":"standard","meta":[],"categories":[6],"tags":[],"_links":{"self":[{"href":"https:\/\/covid360.unl.pt\/index.php?rest_route=\/wp\/v2\/posts\/3097"}],"collection":[{"href":"https:\/\/covid360.unl.pt\/index.php?rest_route=\/wp\/v2\/posts"}],"about":[{"href":"https:\/\/covid360.unl.pt\/index.php?rest_route=\/wp\/v2\/types\/post"}],"author":[{"embeddable":true,"href":"https:\/\/covid360.unl.pt\/index.php?rest_route=\/wp\/v2\/users\/4"}],"replies":[{"embeddable":true,"href":"https:\/\/covid360.unl.pt\/index.php?rest_route=%2Fwp%2Fv2%2Fcomments&post=3097"}],"version-history":[{"count":1,"href":"https:\/\/covid360.unl.pt\/index.php?rest_route=\/wp\/v2\/posts\/3097\/revisions"}],"predecessor-version":[{"id":3098,"href":"https:\/\/covid360.unl.pt\/index.php?rest_route=\/wp\/v2\/posts\/3097\/revisions\/3098"}],"wp:attachment":[{"href":"https:\/\/covid360.unl.pt\/index.php?rest_route=%2Fwp%2Fv2%2Fmedia&parent=3097"}],"wp:term":[{"taxonomy":"category","embeddable":true,"href":"https:\/\/covid360.unl.pt\/index.php?rest_route=%2Fwp%2Fv2%2Fcategories&post=3097"},{"taxonomy":"post_tag","embeddable":true,"href":"https:\/\/covid360.unl.pt\/index.php?rest_route=%2Fwp%2Fv2%2Ftags&post=3097"}],"curies":[{"name":"wp","href":"https:\/\/api.w.org\/{rel}","templated":true}]}}