{"id":3103,"date":"2020-05-03T17:00:44","date_gmt":"2020-05-03T16:00:44","guid":{"rendered":"https:\/\/covid360.unl.pt\/?p=3103"},"modified":"2020-07-29T17:01:22","modified_gmt":"2020-07-29T16:01:22","slug":"3-de-maio","status":"publish","type":"post","link":"https:\/\/covid360.unl.pt\/?p=3103","title":{"rendered":"3 de maio"},"content":{"rendered":"\n<div class=\"wp-container-1 wp-block-group alignwide\"><div class=\"wp-block-group__inner-container\">\n<div class=\"wp-block-media-text alignwide\" style=\"grid-template-columns:34% auto\"><figure class=\"wp-block-media-text__media\"><img loading=\"lazy\" width=\"300\" height=\"180\" src=\"https:\/\/covid360.unl.pt\/wp-content\/uploads\/2020\/03\/portugal_casestudy.jpg\" alt=\"\" class=\"wp-image-1445\"\/><\/figure><div class=\"wp-block-media-text__content\">\n<p>Professor Alexandre Abrantes (ENSP-NOVA) fala ao canal de televis\u00e3o alem\u00e3o ARD 1 sobre a forma como Portugal tem lidado com a crise do Coronav\u00edrus<br><a href=\"https:\/\/www.daserste.de\/information\/politik-weltgeschehen\/weltspiegel\/portugal-122.html\" target=\"_blank\" rel=\"noreferrer noopener\" aria-label=\"ARD 1\u2013 Weltspiegel (opens in a new tab)\">ARD1 \u2013 Weltspiegel<\/a><\/p>\n\n\n\n<p class=\"has-text-color has-small-font-size has-cyan-bluish-gray-color\">Photo by&nbsp;<a href=\"https:\/\/unsplash.com\/@khachiksimonian?utm_source=unsplash&amp;utm_medium=referral&amp;utm_content=creditCopyText\">Khachik Simonian<\/a>&nbsp;on&nbsp;<a href=\"https:\/\/unsplash.com\/?utm_source=unsplash&amp;utm_medium=referral&amp;utm_content=creditCopyText\">Unsplash<\/a><\/p>\n<\/div><\/div>\n<\/div><\/div>\n","protected":false},"excerpt":{"rendered":"<p>Professor Alexandre Abrantes (ENSP-NOVA) fala ao canal de televis\u00e3o alem\u00e3o ARD 1 sobre a forma como Portugal tem lidado com a crise do Coronav\u00edrusARD1 \u2013 Weltspiegel Photo by&nbsp;Khachik Simonian&nbsp;on&nbsp;Unsplash<\/p>\n","protected":false},"author":4,"featured_media":0,"comment_status":"closed","ping_status":"open","sticky":false,"template":"","format":"standard","meta":[],"categories":[6],"tags":[],"_links":{"self":[{"href":"https:\/\/covid360.unl.pt\/index.php?rest_route=\/wp\/v2\/posts\/3103"}],"collection":[{"href":"https:\/\/covid360.unl.pt\/index.php?rest_route=\/wp\/v2\/posts"}],"about":[{"href":"https:\/\/covid360.unl.pt\/index.php?rest_route=\/wp\/v2\/types\/post"}],"author":[{"embeddable":true,"href":"https:\/\/covid360.unl.pt\/index.php?rest_route=\/wp\/v2\/users\/4"}],"replies":[{"embeddable":true,"href":"https:\/\/covid360.unl.pt\/index.php?rest_route=%2Fwp%2Fv2%2Fcomments&post=3103"}],"version-history":[{"count":1,"href":"https:\/\/covid360.unl.pt\/index.php?rest_route=\/wp\/v2\/posts\/3103\/revisions"}],"predecessor-version":[{"id":3104,"href":"https:\/\/covid360.unl.pt\/index.php?rest_route=\/wp\/v2\/posts\/3103\/revisions\/3104"}],"wp:attachment":[{"href":"https:\/\/covid360.unl.pt\/index.php?rest_route=%2Fwp%2Fv2%2Fmedia&parent=3103"}],"wp:term":[{"taxonomy":"category","embeddable":true,"href":"https:\/\/covid360.unl.pt\/index.php?rest_route=%2Fwp%2Fv2%2Fcategories&post=3103"},{"taxonomy":"post_tag","embeddable":true,"href":"https:\/\/covid360.unl.pt\/index.php?rest_route=%2Fwp%2Fv2%2Ftags&post=3103"}],"curies":[{"name":"wp","href":"https:\/\/api.w.org\/{rel}","templated":true}]}}