{"id":3111,"date":"2020-05-06T16:33:14","date_gmt":"2020-05-06T15:33:14","guid":{"rendered":"https:\/\/covid360.unl.pt\/?p=3111"},"modified":"2020-07-30T16:33:57","modified_gmt":"2020-07-30T15:33:57","slug":"6-de-maio","status":"publish","type":"post","link":"https:\/\/covid360.unl.pt\/?p=3111","title":{"rendered":"6 de maio"},"content":{"rendered":"\n<div class=\"wp-container-1 wp-block-group alignwide\"><div class=\"wp-block-group__inner-container\">\n<div class=\"wp-block-media-text alignwide\" style=\"grid-template-columns:34% auto\"><figure class=\"wp-block-media-text__media\"><img loading=\"lazy\" width=\"300\" height=\"180\" src=\"https:\/\/covid360.unl.pt\/wp-content\/uploads\/2020\/03\/antidoto_israel.jpg\" alt=\"\" class=\"wp-image-1569\"\/><\/figure><div class=\"wp-block-media-text__content\">\n<p>Paulo Paix\u00e3o, virologista e Professor da NMS|FCM, comenta a descoberta do Instituto de Israel para a Investiga\u00e7\u00e3o Biotecnol\u00f3gica, que anunciou ter desenvolvido um anticorpo que combate o coronav\u00edrus<br><a href=\"https:\/\/sicnoticias.pt\/especiais\/coronavirus\/2020-05-06-O-que-se-sabe-sobre-a-descoberta-que-neutraliza-a-Covid-19\" target=\"_blank\" rel=\"noreferrer noopener\" aria-label=\"SIC Not\u00edcias (opens in a new tab)\">SIC Not\u00edcias<\/a> | <a href=\"https:\/\/expresso.pt\/coronavirus\/2020-05-06-Anticorpos-que-neutralizam-covid-19-sao-uma-conquista-incrivel--Afirmacoes-deste-tipo-sao-muito-precoces\" target=\"_blank\" rel=\"noreferrer noopener\" aria-label=\"Expresso (opens in a new tab)\">Expresso<\/a><\/p>\n\n\n\n<p class=\"has-text-color has-small-font-size has-cyan-bluish-gray-color\">Photo by&nbsp;<a href=\"https:\/\/unsplash.com\/@dimhou?utm_source=unsplash&amp;utm_medium=referral&amp;utm_content=creditCopyText\">Dimitri Houtteman<\/a>&nbsp;on&nbsp;<a href=\"https:\/\/unsplash.com\/collections\/9770056\/coronavirus?utm_source=unsplash&amp;utm_medium=referral&amp;utm_content=creditCopyText\">Unsplash<\/a><\/p>\n<\/div><\/div>\n\n\n\n<p>&nbsp;<\/p>\n\n\n\n<div class=\"wp-block-media-text alignwide\" style=\"grid-template-columns:34% auto\"><figure class=\"wp-block-media-text__media\"><img loading=\"lazy\" width=\"300\" height=\"180\" src=\"https:\/\/covid360.unl.pt\/wp-content\/uploads\/2020\/03\/app_rastreamento.jpg\" alt=\"\" class=\"wp-image-1586\"\/><\/figure><div class=\"wp-block-media-text__content\">\n<p>A Professora Joana Gon\u00e7alves de S\u00e1 (Nova SBE) integrou painel de especialistas da primeira sess\u00e3o do <a href=\"https:\/\/gulbenkian.pt\/variavel-mundo-novo\/\" target=\"_blank\" rel=\"noreferrer noopener\" aria-label=\"ciclo de confer\u00eancias \u201cVari\u00e1vel Mundo Novo\u201d (opens in a new tab)\">ciclo de confer\u00eancias \u201cVari\u00e1vel Mundo Novo\u201d<\/a>, promovido pela Funda\u00e7\u00e3o Calouste Gulbenkian, onde se falou das quest\u00f5es \u00e9ticas na implementa\u00e7\u00e3o de apps de rastreamento<br><a href=\"https:\/\/tvi24.iol.pt\/tecnologia\/coronavirus\/covid-19-3specialistas-levantam-duvidas-eticas-sobre-apps-de-rastreamento\" target=\"_blank\" rel=\"noreferrer noopener\" aria-label=\"TVI24 (opens in a new tab)\">TVI24<\/a> | <a href=\"https:\/\/www.rtp.pt\/noticias\/pais\/covid-19-especialistas-levantam-duvidas-eticas-sobre-apps-de-rastreamento_n1226748\" target=\"_blank\" rel=\"noreferrer noopener\" aria-label=\"RTP (opens in a new tab)\">RTP<\/a> | <a href=\"https:\/\/www.noticiasaominuto.com\/tech\/1473285\/especialistas-levantam-duvidas-eticas-sobre-apps-de-rastreamento\" target=\"_blank\" rel=\"noreferrer noopener\" aria-label=\"Not\u00edcias ao Minuto (opens in a new tab)\">Not\u00edcias ao Minuto<\/a> | <a href=\"https:\/\/www.sabado.pt\/ciencia---saude\/detalhe\/covid-19-especialistas-levantam-duvidas-eticas-sobre-apps-de-rastreamento\" target=\"_blank\" rel=\"noreferrer noopener\" aria-label=\"S\u00e1bado (opens in a new tab)\">S\u00e1bado<\/a> | <a href=\"https:\/\/24.sapo.pt\/tecnologia\/artigos\/covid-19-especialistas-levantam-duvidas-eticas-sobre-apps-de-rastreamento\" target=\"_blank\" rel=\"noreferrer noopener\" aria-label=\"Sapo (opens in a new tab)\">Sapo<\/a><\/p>\n\n\n\n<p class=\"has-text-color has-small-font-size has-cyan-bluish-gray-color\">Photo by&nbsp;<a href=\"https:\/\/unsplash.com\/@jonasleupe?utm_source=unsplash&amp;utm_medium=referral&amp;utm_content=creditCopyText\">Jonas Leupe<\/a>&nbsp;on&nbsp;<a href=\"https:\/\/unsplash.com\/?utm_source=unsplash&amp;utm_medium=referral&amp;utm_content=creditCopyText\">Unsplash<\/a><\/p>\n<\/div><\/div>\n\n\n\n<p>&nbsp;<\/p>\n\n\n\n<div class=\"wp-block-media-text alignwide\" style=\"grid-template-columns:34% auto\"><figure class=\"wp-block-media-text__media\"><img loading=\"lazy\" width=\"300\" height=\"180\" src=\"https:\/\/covid360.unl.pt\/wp-content\/uploads\/2020\/03\/poluicao_pandemia.jpg\" alt=\"\" class=\"wp-image-1553\"\/><\/figure><div class=\"wp-block-media-text__content\">\n<p>Francisco Ferreira, Professor na FCT NOVA e Presidente da <a href=\"https:\/\/zero.ong\/\" target=\"_blank\" rel=\"noreferrer noopener\" aria-label=\"Associa\u00e7\u00e3o ZERO (opens in a new tab)\">Associa\u00e7\u00e3o ZERO<\/a>, juntou-se a Yoann Le Petit, da <a href=\"https:\/\/www.transportenvironment.org\/\" target=\"_blank\" rel=\"noreferrer noopener\" aria-label=\"Federa\u00e7\u00e3o Europeia dos Transportes e Meio Ambiente (opens in a new tab)\">Federa\u00e7\u00e3o Europeia dos Transportes e Meio Ambiente<\/a>, para uma reflex\u00e3o sobre a pandemia e a melhoria da qualidade do ar, o teletrabalho e a redu\u00e7\u00e3o da polui\u00e7\u00e3o, e os desafios<br><a href=\"https:\/\/www.publico.pt\/2020\/05\/06\/opiniao\/opiniao\/pandemia-melhorou-qualidade-ar-desafio-mantela-1915147\" target=\"_blank\" rel=\"noreferrer noopener\" aria-label=\"P\u00fablico (opens in a new tab)\">P\u00fablico<\/a><\/p>\n\n\n\n<p class=\"has-text-color has-small-font-size has-cyan-bluish-gray-color\">Photo by&nbsp;<a href=\"https:\/\/unsplash.com\/@single_lens_reflex?utm_source=unsplash&amp;utm_medium=referral&amp;utm_content=creditCopyText\">Dan Burton<\/a>&nbsp;on&nbsp;<a href=\"https:\/\/unsplash.com\/?utm_source=unsplash&amp;utm_medium=referral&amp;utm_content=creditCopyText\">Unsplash<\/a><\/p>\n<\/div><\/div>\n\n\n\n<p>&nbsp;<\/p>\n\n\n\n<div class=\"wp-block-media-text alignwide\" style=\"grid-template-columns:34% auto\"><figure class=\"wp-block-media-text__media\"><img loading=\"lazy\" width=\"300\" height=\"180\" src=\"https:\/\/covid360.unl.pt\/wp-content\/uploads\/2020\/03\/tracking_telefone.jpg\" alt=\"\" class=\"wp-image-1563\"\/><\/figure><div class=\"wp-block-media-text__content\">\n<p>A Professora Joana Gon\u00e7alves de S\u00e1, que coordena o Grupo de Investiga\u00e7\u00e3o em Ci\u00eancia de Dados e Pol\u00edticas da Nova SBE, questiona os benef\u00edcios do (pol\u00e9mico) rastreio digital de contactos para combate \u00e0 propaga\u00e7\u00e3o da pandemia<br><a href=\"https:\/\/sicnoticias.pt\/programas\/a-ciencia-e-a-pandemia\/2020-05-05-Covid-19-vale-a-pena-abdicar-da-privacidade-\" target=\"_blank\" rel=\"noreferrer noopener\" aria-label=\"SIC Not\u00edcias (opens in a new tab)\">SIC Not\u00edcias<\/a><\/p>\n\n\n\n<p class=\"has-text-color has-small-font-size has-cyan-bluish-gray-color\">Photo by&nbsp;<a href=\"https:\/\/unsplash.com\/@markuswinkler?utm_source=unsplash&amp;utm_medium=referral&amp;utm_content=creditCopyText\">Markus Winkler<\/a>&nbsp;on&nbsp;<a href=\"https:\/\/unsplash.com\/?utm_source=unsplash&amp;utm_medium=referral&amp;utm_content=creditCopyText\">Unsplash<\/a><\/p>\n<\/div><\/div>\n\n\n\n<p>&nbsp;<\/p>\n\n\n\n<div class=\"wp-block-media-text alignwide\" style=\"grid-template-columns:34% auto\"><figure class=\"wp-block-media-text__media\"><img loading=\"lazy\" width=\"300\" height=\"180\" src=\"https:\/\/covid360.unl.pt\/wp-content\/uploads\/2020\/03\/crise_economica_pandemia.jpg\" alt=\"\" class=\"wp-image-1566\"\/><\/figure><div class=\"wp-block-media-text__content\">\n<p>A an\u00e1lise da Professora Susana Peralta (Nova SBE) \u00e0 crise econ\u00f3mica no p\u00f3s-pandemia e a recupera\u00e7\u00e3o<em> &#8220;imprevis\u00edvel&#8221;<\/em><br><a href=\"https:\/\/observador.pt\/programas\/explicador\/esta-crise-e-o-fosso-das-desigualdades\/\" target=\"_blank\" rel=\"noreferrer noopener\" aria-label=\"Observador (opens in a new tab)\">Observador<\/a><\/p>\n\n\n\n<p class=\"has-text-color has-small-font-size has-cyan-bluish-gray-color\">Photo by&nbsp;<a href=\"https:\/\/unsplash.com\/@single_lens_reflex?utm_source=unsplash&amp;utm_medium=referral&amp;utm_content=creditCopyText\">Dan Burton<\/a>&nbsp;on&nbsp;<a href=\"https:\/\/unsplash.com\/?utm_source=unsplash&amp;utm_medium=referral&amp;utm_content=creditCopyText\">Unsplash<\/a><\/p>\n<\/div><\/div>\n<\/div><\/div>\n","protected":false},"excerpt":{"rendered":"<p>Paulo Paix\u00e3o, virologista e Professor da NMS|FCM, comenta a descoberta do Instituto de Israel para a Investiga\u00e7\u00e3o Biotecnol\u00f3gica, que anunciou ter desenvolvido um anticorpo que combate o coronav\u00edrusSIC Not\u00edcias | Expresso Photo by&nbsp;Dimitri Houtteman&nbsp;on&nbsp;Unsplash &nbsp; A Professora Joana Gon\u00e7alves de S\u00e1 (Nova SBE) integrou painel de especialistas da primeira sess\u00e3o do ciclo de confer\u00eancias \u201cVari\u00e1vel &#8230; <a title=\"6 de maio\" class=\"read-more\" href=\"https:\/\/covid360.unl.pt\/?p=3111\">Ler mais <span class=\"screen-reader-text\">6 de maio<\/span><\/a><\/p>\n","protected":false},"author":4,"featured_media":0,"comment_status":"closed","ping_status":"open","sticky":false,"template":"","format":"standard","meta":[],"categories":[6],"tags":[],"_links":{"self":[{"href":"https:\/\/covid360.unl.pt\/index.php?rest_route=\/wp\/v2\/posts\/3111"}],"collection":[{"href":"https:\/\/covid360.unl.pt\/index.php?rest_route=\/wp\/v2\/posts"}],"about":[{"href":"https:\/\/covid360.unl.pt\/index.php?rest_route=\/wp\/v2\/types\/post"}],"author":[{"embeddable":true,"href":"https:\/\/covid360.unl.pt\/index.php?rest_route=\/wp\/v2\/users\/4"}],"replies":[{"embeddable":true,"href":"https:\/\/covid360.unl.pt\/index.php?rest_route=%2Fwp%2Fv2%2Fcomments&post=3111"}],"version-history":[{"count":1,"href":"https:\/\/covid360.unl.pt\/index.php?rest_route=\/wp\/v2\/posts\/3111\/revisions"}],"predecessor-version":[{"id":3112,"href":"https:\/\/covid360.unl.pt\/index.php?rest_route=\/wp\/v2\/posts\/3111\/revisions\/3112"}],"wp:attachment":[{"href":"https:\/\/covid360.unl.pt\/index.php?rest_route=%2Fwp%2Fv2%2Fmedia&parent=3111"}],"wp:term":[{"taxonomy":"category","embeddable":true,"href":"https:\/\/covid360.unl.pt\/index.php?rest_route=%2Fwp%2Fv2%2Fcategories&post=3111"},{"taxonomy":"post_tag","embeddable":true,"href":"https:\/\/covid360.unl.pt\/index.php?rest_route=%2Fwp%2Fv2%2Ftags&post=3111"}],"curies":[{"name":"wp","href":"https:\/\/api.w.org\/{rel}","templated":true}]}}