{"id":3113,"date":"2020-05-07T16:34:43","date_gmt":"2020-05-07T15:34:43","guid":{"rendered":"https:\/\/covid360.unl.pt\/?p=3113"},"modified":"2020-07-30T16:35:16","modified_gmt":"2020-07-30T15:35:16","slug":"7-de-maio","status":"publish","type":"post","link":"https:\/\/covid360.unl.pt\/?p=3113","title":{"rendered":"7 de maio"},"content":{"rendered":"\n<div class=\"wp-container-1 wp-block-group alignwide\"><div class=\"wp-block-group__inner-container\">\n<div class=\"wp-block-media-text alignwide\" style=\"grid-template-columns:34% auto\"><figure class=\"wp-block-media-text__media\"><img loading=\"lazy\" width=\"300\" height=\"180\" src=\"https:\/\/covid360.unl.pt\/wp-content\/uploads\/2020\/03\/covid_futuro.jpg\" alt=\"\" class=\"wp-image-1592\"\/><\/figure><div class=\"wp-block-media-text__content\">\n<p>Andr\u00e9 Santos Campos, Investigador do Instituto de Filosofia da NOVA FCSH, foi convidado pelo Observador para fazer uma reflex\u00e3o sobre o impacto do Covid-19 nas gera\u00e7\u00f5es futuras<br><a href=\"https:\/\/observador.pt\/opiniao\/covid-19-salvadora-das-geracoes-futuras\/\">Observador<\/a><\/p>\n\n\n\n<p class=\"has-text-color has-small-font-size has-cyan-bluish-gray-color\">Photo by&nbsp;<a href=\"https:\/\/unsplash.com\/@bendavisual?utm_source=unsplash&amp;utm_medium=referral&amp;utm_content=creditCopyText\">Benjamin Davies<\/a>&nbsp;on&nbsp;<a href=\"https:\/\/unsplash.com\/?utm_source=unsplash&amp;utm_medium=referral&amp;utm_content=creditCopyText\">Unsplash<\/a><\/p>\n<\/div><\/div>\n\n\n\n<p>&nbsp;<\/p>\n\n\n\n<div class=\"wp-block-media-text alignwide\" style=\"grid-template-columns:34% auto\"><figure class=\"wp-block-media-text__media\"><img loading=\"lazy\" width=\"300\" height=\"180\" src=\"https:\/\/covid360.unl.pt\/wp-content\/uploads\/2020\/03\/gravidez_covid-1.jpg\" alt=\"\" class=\"wp-image-1632\"\/><\/figure><div class=\"wp-block-media-text__content\">\n<p>Grupo de investigadores, do qual fazem parte dois investigadores do IHMT-NOVA, lan\u00e7am <a href=\"https:\/\/covid360.unl.pt\/?p=1468\" target=\"_blank\" rel=\"noreferrer noopener\" aria-label=\"relat\u00f3rio (opens in a new tab)\">relat\u00f3rio<\/a> sobre os efeitos da infec\u00e7\u00e3o por Covid-19 durante a gravidez e aconselham cuidados redobrados \u00e0s gr\u00e1vidas<br><a href=\"https:\/\/www.noticiasaominuto.com\/lifestyle\/1473706\/covid-19-investigadores-aconselham-cuidados-redobrados-na-gravidez\" target=\"_blank\" rel=\"noreferrer noopener\" aria-label=\"Not\u00edcias ao Minuto (opens in a new tab)\">Not\u00edcias ao Minuto<\/a> | <a href=\"https:\/\/www.tsf.pt\/portugal\/investigadores-aconselham-cuidados-redobrados-em-toda-a-gravidez-12165225.html\" target=\"_blank\" rel=\"noreferrer noopener\" aria-label=\"TSF (opens in a new tab)\">TSF<\/a> | <a href=\"https:\/\/tvi24.iol.pt\/sociedade\/coronavirus\/covid-19-investigadores-aconselham-cuidados-redobrados-em-toda-a-gravidez\" target=\"_blank\" rel=\"noreferrer noopener\" aria-label=\"TVI24 (opens in a new tab)\">TVI24<\/a> | <a href=\"https:\/\/sicnoticias.pt\/especiais\/coronavirus\/2020-05-07-Investigadores-aconselham-cuidados-redobrados-durante-toda-a-gravidez\" target=\"_blank\" rel=\"noreferrer noopener\" aria-label=\"SIC Not\u00edcias (opens in a new tab)\">SIC Not\u00edcias<\/a> | <a href=\"https:\/\/observador.pt\/2020\/05\/07\/investigadores-aconselham-cuidados-redobrados-em-toda-a-gravidez\/\" target=\"_blank\" rel=\"noreferrer noopener\" aria-label=\"Observador (opens in a new tab)\">Observador<\/a> | <a href=\"https:\/\/www.dnoticias.pt\/mundo\/investigadores-aconselham-cuidados-redobrados-em-toda-a-gravidez-EY6230017\" target=\"_blank\" rel=\"noreferrer noopener\" aria-label=\"Di\u00e1rio de Not\u00edcias (opens in a new tab)\">Di\u00e1rio de Not\u00edcias<\/a> | <a href=\"https:\/\/www.time24.news\/t24\/2020\/05\/sic-noticias-researchers-advise-extra-care-throughout-pregnancy.html\" target=\"_blank\" rel=\"noreferrer noopener\" aria-label=\"Time24 News (opens in a new tab)\">Time24 News<\/a><\/p>\n\n\n\n<p class=\"has-text-color has-small-font-size has-cyan-bluish-gray-color\">Photo by&nbsp;<a href=\"https:\/\/unsplash.com\/@cassidyrowell?utm_source=unsplash&amp;utm_medium=referral&amp;utm_content=creditCopyText\">Cassidy Rowell<\/a>&nbsp;on&nbsp;<a href=\"https:\/\/unsplash.com\/@cassidyrowell?utm_source=unsplash&amp;utm_medium=referral&amp;utm_content=creditCopyText\">Unsplash<\/a><\/p>\n<\/div><\/div>\n\n\n\n<p>&nbsp;<\/p>\n\n\n\n<div class=\"wp-block-media-text alignwide\" style=\"grid-template-columns:34% auto\"><figure class=\"wp-block-media-text__media\"><img loading=\"lazy\" width=\"300\" height=\"180\" src=\"https:\/\/covid360.unl.pt\/wp-content\/uploads\/2020\/03\/covid_culneraveis.jpg\" alt=\"\" class=\"wp-image-1624\"\/><\/figure><div class=\"wp-block-media-text__content\">\n<p>Para os Professores da ENSP-NOVA Pedro Laires e Carla Nunes, tamb\u00e9m Diretora da Escola, \u00e9 cr\u00edtico conhecer em maior profundidade quem s\u00e3o e onde est\u00e3o os mais vulner\u00e1veis ao coronav\u00edrus<br><a href=\"https:\/\/www.publico.pt\/2020\/05\/07\/opiniao\/opiniao\/vulneraveis-coronavirus-afinal-sao-1915408\" target=\"_blank\" rel=\"noreferrer noopener\" aria-label=\"P\u00fablico (opens in a new tab)\">P\u00fablico<\/a><\/p>\n\n\n\n<p class=\"has-text-color has-small-font-size has-cyan-bluish-gray-color\">Photo by&nbsp;<a href=\"https:\/\/unsplash.com\/@martzzl?utm_source=unsplash&amp;utm_medium=referral&amp;utm_content=creditCopyText\">Marcel Strau\u00df<\/a>&nbsp;on&nbsp;<a href=\"https:\/\/unsplash.com\/?utm_source=unsplash&amp;utm_medium=referral&amp;utm_content=creditCopyText\">Unsplash<\/a><\/p>\n<\/div><\/div>\n<\/div><\/div>\n","protected":false},"excerpt":{"rendered":"<p>Andr\u00e9 Santos Campos, Investigador do Instituto de Filosofia da NOVA FCSH, foi convidado pelo Observador para fazer uma reflex\u00e3o sobre o impacto do Covid-19 nas gera\u00e7\u00f5es futurasObservador Photo by&nbsp;Benjamin Davies&nbsp;on&nbsp;Unsplash &nbsp; Grupo de investigadores, do qual fazem parte dois investigadores do IHMT-NOVA, lan\u00e7am relat\u00f3rio sobre os efeitos da infec\u00e7\u00e3o por Covid-19 durante a gravidez e &#8230; <a title=\"7 de maio\" class=\"read-more\" href=\"https:\/\/covid360.unl.pt\/?p=3113\">Ler mais <span class=\"screen-reader-text\">7 de maio<\/span><\/a><\/p>\n","protected":false},"author":4,"featured_media":0,"comment_status":"closed","ping_status":"open","sticky":false,"template":"","format":"standard","meta":[],"categories":[6],"tags":[],"_links":{"self":[{"href":"https:\/\/covid360.unl.pt\/index.php?rest_route=\/wp\/v2\/posts\/3113"}],"collection":[{"href":"https:\/\/covid360.unl.pt\/index.php?rest_route=\/wp\/v2\/posts"}],"about":[{"href":"https:\/\/covid360.unl.pt\/index.php?rest_route=\/wp\/v2\/types\/post"}],"author":[{"embeddable":true,"href":"https:\/\/covid360.unl.pt\/index.php?rest_route=\/wp\/v2\/users\/4"}],"replies":[{"embeddable":true,"href":"https:\/\/covid360.unl.pt\/index.php?rest_route=%2Fwp%2Fv2%2Fcomments&post=3113"}],"version-history":[{"count":1,"href":"https:\/\/covid360.unl.pt\/index.php?rest_route=\/wp\/v2\/posts\/3113\/revisions"}],"predecessor-version":[{"id":3114,"href":"https:\/\/covid360.unl.pt\/index.php?rest_route=\/wp\/v2\/posts\/3113\/revisions\/3114"}],"wp:attachment":[{"href":"https:\/\/covid360.unl.pt\/index.php?rest_route=%2Fwp%2Fv2%2Fmedia&parent=3113"}],"wp:term":[{"taxonomy":"category","embeddable":true,"href":"https:\/\/covid360.unl.pt\/index.php?rest_route=%2Fwp%2Fv2%2Fcategories&post=3113"},{"taxonomy":"post_tag","embeddable":true,"href":"https:\/\/covid360.unl.pt\/index.php?rest_route=%2Fwp%2Fv2%2Ftags&post=3113"}],"curies":[{"name":"wp","href":"https:\/\/api.w.org\/{rel}","templated":true}]}}