{"id":3138,"date":"2020-05-21T16:55:58","date_gmt":"2020-05-21T15:55:58","guid":{"rendered":"https:\/\/covid360.unl.pt\/?p=3138"},"modified":"2020-07-30T16:58:21","modified_gmt":"2020-07-30T15:58:21","slug":"21-de-maio","status":"publish","type":"post","link":"https:\/\/covid360.unl.pt\/?p=3138","title":{"rendered":"21 de maio"},"content":{"rendered":"\n<div class=\"wp-container-1 wp-block-group alignwide\"><div class=\"wp-block-group__inner-container\">\n<div class=\"wp-block-media-text alignwide\" style=\"grid-template-columns:34% auto\"><figure class=\"wp-block-media-text__media\"><img loading=\"lazy\" width=\"300\" height=\"180\" src=\"https:\/\/covid360.unl.pt\/wp-content\/uploads\/2020\/03\/palop_covid.jpg\" alt=\"\" class=\"wp-image-1977\"\/><\/figure><div class=\"wp-block-media-text__content\">\n<p>Diretor do IHMT-NOVA, Filomeno Fortes, avan\u00e7ou que pa\u00edses africanos lus\u00f3fonos v\u00e3o fazer estudos simult\u00e2neos do v\u00edrus e alertou para o <em>&#8220;grande risco&#8221; <\/em>de aumento de mortes por doen\u00e7as n\u00e3o Covid-19 em \u00c1frica potenciado pela concentra\u00e7\u00e3o de esfor\u00e7os no combate \u00e0 pandemia<br><a href=\"https:\/\/www.lusa.pt\/article\/TNrAaTmbQm3KtFXtZKsXCzMSZM5iuSI1\/covid-19-especialista-alerta-para-grande-risco-de-aumento-de-mortes-por-outras-doen%C3%A7as-em-%C3%A1frica\" target=\"_blank\" rel=\"noreferrer noopener\" aria-label=\"Lusa (opens in a new tab)\">Lusa<\/a> | <a href=\"https:\/\/observador.pt\/2020\/05\/21\/especialista-alerta-para-grande-risco-de-aumento-de-mortes-por-outras-doencas-em-africa\/\" target=\"_blank\" rel=\"noreferrer noopener\" aria-label=\"Observador (opens in a new tab)\">Observador<\/a> | <a href=\"https:\/\/visao.sapo.pt\/visaosaude\/2020-05-21-covid-19-palop-vao-fazer-estudos-simultaneos-do-virus\/\" target=\"_blank\" rel=\"noreferrer noopener\" aria-label=\"Vis\u00e3o (opens in a new tab)\">Vis\u00e3o<\/a> | <a href=\"https:\/\/www.sabado.pt\/mundo\/detalhe\/covid-19-especialista-alerta-para-grande-risco-de-aumento-de-mortes-por-outras-doencas-em-africa\" target=\"_blank\" rel=\"noreferrer noopener\" aria-label=\"S\u00e1bado (opens in a new tab)\">S\u00e1bado<\/a> | <a href=\"https:\/\/www.noticiasaominuto.com\/mundo\/1483667\/covid-19-palop-vao-fazer-estudos-simultaneos-do-virus\" target=\"_blank\" rel=\"noreferrer noopener\" aria-label=\"Not\u00edcias ao Minuto (opens in a new tab)\">Not\u00edcias ao Minuto<\/a> | <a href=\"https:\/\/24.sapo.pt\/atualidade\/artigos\/diretor-do-instituto-de-higiene-e-medicina-tropical-alerta-para-grande-risco-de-aumento-de-mortes-por-outras-doencas-em-africa\" target=\"_blank\" rel=\"noreferrer noopener\" aria-label=\"Sapo (opens in a new tab)\">Sapo<\/a><\/p>\n\n\n\n<p class=\"has-text-color has-small-font-size has-cyan-bluish-gray-color\">Photo by&nbsp;<a href=\"https:\/\/unsplash.com\/@anniespratt?utm_source=unsplash&amp;utm_medium=referral&amp;utm_content=creditCopyText\">Annie Spratt<\/a>&nbsp;on&nbsp;<a href=\"https:\/\/unsplash.com\/?utm_source=unsplash&amp;utm_medium=referral&amp;utm_content=creditCopyText\">Unsplash<\/a><\/p>\n<\/div><\/div>\n\n\n\n<p>&nbsp;<\/p>\n\n\n\n<div class=\"wp-block-media-text alignwide\" style=\"grid-template-columns:34% auto\"><figure class=\"wp-block-media-text__media\"><img loading=\"lazy\" width=\"300\" height=\"180\" src=\"https:\/\/covid360.unl.pt\/wp-content\/uploads\/2020\/03\/residuos_descartaveis_covid.jpg\" alt=\"\" class=\"wp-image-1995\"\/><\/figure><div class=\"wp-block-media-text__content\">\n<p>Paula Sobral, Professora da FCT-NOVA e Presidente da Associa\u00e7\u00e3o Portuguesa do Lixo Marinho, comenta a not\u00edcia do aumento dos res\u00edduos descart\u00e1veis no per\u00edodo p\u00f3s-Covid por causa do uso generalizado de m\u00e1scaras, luvas e tamb\u00e9m pelo novo uso de toalhas descart\u00e1veis, loi\u00e7a e talheres de pl\u00e1stico na restaura\u00e7\u00e3o<br><a href=\"https:\/\/observador.pt\/programas\/noticiario\/as-noticias-das-8h-244\/\" target=\"_blank\" rel=\"noreferrer noopener\">Observador<\/a> [min 00:03:44]<\/p>\n\n\n\n<p class=\"has-text-color has-small-font-size has-cyan-bluish-gray-color\">Photo by&nbsp;<a href=\"https:\/\/unsplash.com\/@open_photo_js?utm_source=unsplash&amp;utm_medium=referral&amp;utm_content=creditCopyText\">Jasmin Sessler<\/a>&nbsp;on&nbsp;<a href=\"https:\/\/unsplash.com\/?utm_source=unsplash&amp;utm_medium=referral&amp;utm_content=creditCopyText\">Unsplash<\/a><\/p>\n<\/div><\/div>\n<\/div><\/div>\n","protected":false},"excerpt":{"rendered":"<p>Diretor do IHMT-NOVA, Filomeno Fortes, avan\u00e7ou que pa\u00edses africanos lus\u00f3fonos v\u00e3o fazer estudos simult\u00e2neos do v\u00edrus e alertou para o &#8220;grande risco&#8221; de aumento de mortes por doen\u00e7as n\u00e3o Covid-19 em \u00c1frica potenciado pela concentra\u00e7\u00e3o de esfor\u00e7os no combate \u00e0 pandemiaLusa | Observador | Vis\u00e3o | S\u00e1bado | Not\u00edcias ao Minuto | Sapo Photo by&nbsp;Annie &#8230; <a title=\"21 de maio\" class=\"read-more\" href=\"https:\/\/covid360.unl.pt\/?p=3138\">Ler mais <span class=\"screen-reader-text\">21 de maio<\/span><\/a><\/p>\n","protected":false},"author":4,"featured_media":0,"comment_status":"closed","ping_status":"open","sticky":false,"template":"","format":"standard","meta":[],"categories":[6],"tags":[],"_links":{"self":[{"href":"https:\/\/covid360.unl.pt\/index.php?rest_route=\/wp\/v2\/posts\/3138"}],"collection":[{"href":"https:\/\/covid360.unl.pt\/index.php?rest_route=\/wp\/v2\/posts"}],"about":[{"href":"https:\/\/covid360.unl.pt\/index.php?rest_route=\/wp\/v2\/types\/post"}],"author":[{"embeddable":true,"href":"https:\/\/covid360.unl.pt\/index.php?rest_route=\/wp\/v2\/users\/4"}],"replies":[{"embeddable":true,"href":"https:\/\/covid360.unl.pt\/index.php?rest_route=%2Fwp%2Fv2%2Fcomments&post=3138"}],"version-history":[{"count":2,"href":"https:\/\/covid360.unl.pt\/index.php?rest_route=\/wp\/v2\/posts\/3138\/revisions"}],"predecessor-version":[{"id":3143,"href":"https:\/\/covid360.unl.pt\/index.php?rest_route=\/wp\/v2\/posts\/3138\/revisions\/3143"}],"wp:attachment":[{"href":"https:\/\/covid360.unl.pt\/index.php?rest_route=%2Fwp%2Fv2%2Fmedia&parent=3138"}],"wp:term":[{"taxonomy":"category","embeddable":true,"href":"https:\/\/covid360.unl.pt\/index.php?rest_route=%2Fwp%2Fv2%2Fcategories&post=3138"},{"taxonomy":"post_tag","embeddable":true,"href":"https:\/\/covid360.unl.pt\/index.php?rest_route=%2Fwp%2Fv2%2Ftags&post=3138"}],"curies":[{"name":"wp","href":"https:\/\/api.w.org\/{rel}","templated":true}]}}