{"id":3151,"date":"2020-05-25T17:01:46","date_gmt":"2020-05-25T16:01:46","guid":{"rendered":"https:\/\/covid360.unl.pt\/?p=3151"},"modified":"2020-07-30T17:02:29","modified_gmt":"2020-07-30T16:02:29","slug":"25-de-maio","status":"publish","type":"post","link":"https:\/\/covid360.unl.pt\/?p=3151","title":{"rendered":"25 de maio"},"content":{"rendered":"\n<div class=\"wp-container-1 wp-block-group alignwide\"><div class=\"wp-block-group__inner-container\">\n<div class=\"wp-block-media-text alignwide\" style=\"grid-template-columns:34% auto\"><figure class=\"wp-block-media-text__media\"><img loading=\"lazy\" width=\"300\" height=\"180\" src=\"https:\/\/covid360.unl.pt\/wp-content\/uploads\/2020\/03\/2pico_lisboa.jpg\" alt=\"\" class=\"wp-image-2100\"\/><\/figure><div class=\"wp-block-media-text__content\">\n<p>A regi\u00e3o de Lisboa s\u00f3 dever\u00e1 registar o maior n\u00famero de pessoas infetadas ao mesmo tempo no in\u00edcio de junho, estima o <a href=\"https:\/\/cotecportugal.pt\/pt\/category\/covid19-insights\/\" target=\"_blank\" rel=\"noreferrer noopener\" aria-label=\"COVID-19 Insights (opens in a new tab)\">COVID-19 Insights<\/a>, Dashboard da NOVA IMS e COTEC Portugal<br><a href=\"https:\/\/observador.pt\/especiais\/segundo-surto-em-lisboa-adia-pico-da-covid-19-para-a-proxima-semana-resto-do-pais-ja-o-atingiu\/\" target=\"_blank\" rel=\"noreferrer noopener\" aria-label=\"Observador (opens in a new tab)\">Observador<\/a> | <a href=\"https:\/\/www.jornaldenegocios.pt\/economia\/coronavirus\/detalhe\/pico-de-covid-19-em-lisboa-e-vale-do-tejo-vai-ser-agora-na-terceira-semana-de-junho\" target=\"_blank\" rel=\"noreferrer noopener\" aria-label=\"Jornal de Neg\u00f3cios (opens in a new tab)\">Jornal de Neg\u00f3cios<\/a> | <a href=\"https:\/\/tvi24.iol.pt\/sociedade\/pandemia\/covid-19-lisboa-e-vale-do-tejo-so-deve-atingir-o-pico-na-terceira-semana-de-junho\" target=\"_blank\" rel=\"noreferrer noopener\" aria-label=\"TVI24 (opens in a new tab)\">TVI24<\/a><\/p>\n\n\n\n<p class=\"has-text-color has-small-font-size has-cyan-bluish-gray-color\">Photo by&nbsp;<a href=\"https:\/\/unsplash.com\/@alvaroadlf?utm_source=unsplash&amp;utm_medium=referral&amp;utm_content=creditCopyText\">Alvaro Araoz<\/a>&nbsp;on&nbsp;<a href=\"https:\/\/unsplash.com\/?utm_source=unsplash&amp;utm_medium=referral&amp;utm_content=creditCopyText\">Unsplash<\/a><\/p>\n<\/div><\/div>\n\n\n\n<p>&nbsp;<\/p>\n\n\n\n<div class=\"wp-block-media-text alignwide\" style=\"grid-template-columns:34% auto\"><figure class=\"wp-block-media-text__media\"><img loading=\"lazy\" width=\"300\" height=\"180\" src=\"https:\/\/covid360.unl.pt\/wp-content\/uploads\/2020\/03\/SEGUNDA_VAGA_COVID.jpg\" alt=\"\" class=\"wp-image-2104\"\/><\/figure><div class=\"wp-block-media-text__content\">\n<p>Professor de Sa\u00fade Internacional do IHMT-NOVA, Tiago Correia analisou a hip\u00f3tese de uma nova vaga de Covid-19<br><a href=\"https:\/\/tvi24.iol.pt\/amp\/videos\/sociedade\/covid-19-com-mais-doenca-menos-rendimentos\/5ecc29d90cf29545b571df4f\" target=\"_blank\" rel=\"noreferrer noopener\" aria-label=\"TVI24 (opens in a new tab)\">TVI24<\/a><\/p>\n\n\n\n<p class=\"has-text-color has-small-font-size has-cyan-bluish-gray-color\">Photo by&nbsp;<a href=\"https:\/\/unsplash.com\/@samtillo?utm_source=unsplash&amp;utm_medium=referral&amp;utm_content=creditCopyText\">tam wai<\/a>&nbsp;on&nbsp;<a href=\"https:\/\/unsplash.com\/?utm_source=unsplash&amp;utm_medium=referral&amp;utm_content=creditCopyText\">Unsplash<\/a><\/p>\n<\/div><\/div>\n\n\n\n<p>&nbsp;<\/p>\n\n\n\n<div class=\"wp-block-media-text alignwide\" style=\"grid-template-columns:34% auto\"><figure class=\"wp-block-media-text__media\"><img loading=\"lazy\" width=\"300\" height=\"180\" src=\"https:\/\/covid360.unl.pt\/wp-content\/uploads\/2020\/03\/jantares_familia_covid.jpg\" alt=\"\" class=\"wp-image-2362\"\/><\/figure><div class=\"wp-block-media-text__content\">\n<p>Contribui\u00e7\u00e3o dos Professores Celso Cunha (IHMT-NOVA) e Carlota Louro (NMS|FCM) para o Pol\u00edgrafo SIC &#8220;J\u00e1 \u00e9 seguro fazer jantares de fam\u00edlia?&#8221;<br><a href=\"https:\/\/sicnoticias.pt\/programas\/poligrafo\/2020-05-25-Ja-e-seguro-fazer-jantares-de-familia-\" target=\"_blank\" rel=\"noreferrer noopener\" aria-label=\"SIC (opens in a new tab)\">SIC<\/a><\/p>\n\n\n\n<p class=\"has-text-color has-small-font-size has-cyan-bluish-gray-color\">Photo by&nbsp;<a href=\"https:\/\/unsplash.com\/@tuesday2012?utm_source=unsplash&amp;utm_medium=referral&amp;utm_content=creditCopyText\">Zera Li<\/a>&nbsp;on&nbsp;<a href=\"https:\/\/unsplash.com\/?utm_source=unsplash&amp;utm_medium=referral&amp;utm_content=creditCopyText\">Unsplash<\/a><\/p>\n<\/div><\/div>\n<\/div><\/div>\n","protected":false},"excerpt":{"rendered":"<p>A regi\u00e3o de Lisboa s\u00f3 dever\u00e1 registar o maior n\u00famero de pessoas infetadas ao mesmo tempo no in\u00edcio de junho, estima o COVID-19 Insights, Dashboard da NOVA IMS e COTEC PortugalObservador | Jornal de Neg\u00f3cios | TVI24 Photo by&nbsp;Alvaro Araoz&nbsp;on&nbsp;Unsplash &nbsp; Professor de Sa\u00fade Internacional do IHMT-NOVA, Tiago Correia analisou a hip\u00f3tese de uma nova &#8230; <a title=\"25 de maio\" class=\"read-more\" href=\"https:\/\/covid360.unl.pt\/?p=3151\">Ler mais <span class=\"screen-reader-text\">25 de maio<\/span><\/a><\/p>\n","protected":false},"author":4,"featured_media":0,"comment_status":"closed","ping_status":"open","sticky":false,"template":"","format":"standard","meta":[],"categories":[6],"tags":[],"_links":{"self":[{"href":"https:\/\/covid360.unl.pt\/index.php?rest_route=\/wp\/v2\/posts\/3151"}],"collection":[{"href":"https:\/\/covid360.unl.pt\/index.php?rest_route=\/wp\/v2\/posts"}],"about":[{"href":"https:\/\/covid360.unl.pt\/index.php?rest_route=\/wp\/v2\/types\/post"}],"author":[{"embeddable":true,"href":"https:\/\/covid360.unl.pt\/index.php?rest_route=\/wp\/v2\/users\/4"}],"replies":[{"embeddable":true,"href":"https:\/\/covid360.unl.pt\/index.php?rest_route=%2Fwp%2Fv2%2Fcomments&post=3151"}],"version-history":[{"count":1,"href":"https:\/\/covid360.unl.pt\/index.php?rest_route=\/wp\/v2\/posts\/3151\/revisions"}],"predecessor-version":[{"id":3152,"href":"https:\/\/covid360.unl.pt\/index.php?rest_route=\/wp\/v2\/posts\/3151\/revisions\/3152"}],"wp:attachment":[{"href":"https:\/\/covid360.unl.pt\/index.php?rest_route=%2Fwp%2Fv2%2Fmedia&parent=3151"}],"wp:term":[{"taxonomy":"category","embeddable":true,"href":"https:\/\/covid360.unl.pt\/index.php?rest_route=%2Fwp%2Fv2%2Fcategories&post=3151"},{"taxonomy":"post_tag","embeddable":true,"href":"https:\/\/covid360.unl.pt\/index.php?rest_route=%2Fwp%2Fv2%2Ftags&post=3151"}],"curies":[{"name":"wp","href":"https:\/\/api.w.org\/{rel}","templated":true}]}}