{"id":3174,"date":"2020-06-05T17:22:00","date_gmt":"2020-06-05T16:22:00","guid":{"rendered":"https:\/\/covid360.unl.pt\/?p=3174"},"modified":"2020-07-30T17:22:32","modified_gmt":"2020-07-30T16:22:32","slug":"5-de-junho","status":"publish","type":"post","link":"https:\/\/covid360.unl.pt\/?p=3174","title":{"rendered":"5 de junho"},"content":{"rendered":"\n<div class=\"wp-container-1 wp-block-group alignwide\"><div class=\"wp-block-group__inner-container\">\n<div class=\"wp-block-media-text alignwide\" style=\"grid-template-columns:34% auto\"><figure class=\"wp-block-media-text__media\"><img loading=\"lazy\" width=\"300\" height=\"180\" src=\"https:\/\/covid360.unl.pt\/wp-content\/uploads\/2020\/03\/site-8.png\" alt=\"\" class=\"wp-image-2512\"\/><\/figure><div class=\"wp-block-media-text__content\">\n<p>Maria Margarida Oliveira, bi\u00f3loga, professora e vice-directora do ITQB NOVA, comenta o facto da Pandemia ter adiado o Dia da Sobrecarga da Terra para Agosto<br><a href=\"https:\/\/www.publico.pt\/2020\/06\/05\/ciencia\/noticia\/pandemia-adiou-dia-terra-esgotaria-recursos-naturais-2020-1919626\">P\u00fablico<\/a><\/p>\n\n\n\n<p class=\"has-text-color has-small-font-size has-cyan-bluish-gray-color\">Photo by<a href=\"https:\/\/unsplash.com\/@miracleday\" target=\"_blank\" rel=\"noreferrer noopener\" aria-label=\"&nbsp;Elena Mozhvilo (opens in a new tab)\">&nbsp;Elena Mozhvilo<\/a>&nbsp;on&nbsp;Unsplash<\/p>\n<\/div><\/div>\n\n\n\n<p>&nbsp;<\/p>\n\n\n\n<div class=\"wp-block-media-text alignwide\" style=\"grid-template-columns:34% auto\"><figure class=\"wp-block-media-text__media\"><img loading=\"lazy\" width=\"300\" height=\"180\" src=\"https:\/\/covid360.unl.pt\/wp-content\/uploads\/2020\/03\/covid_insights.jpg\" alt=\"\" class=\"wp-image-2502\"\/><\/figure><div class=\"wp-block-media-text__content\">\n<p>Observador passa a disponibilizar os quadros e gr\u00e1ficos completos da plataforma <a href=\"https:\/\/insights.cotec.pt\/\" target=\"_blank\" rel=\"noreferrer noopener\" aria-label=\"Covid Insights (opens in a new tab)\">Covid Insights<\/a>, desenvolvida atrav\u00e9s de uma parceria entre a COTEC Portugal e a NOVA IMS<br><a href=\"https:\/\/observador.pt\/especiais\/o-risco-no-seu-concelho-e-as-previsoes-epidemiologicas-veja-os-graficos-da-covid-insights-no-observador\/\" target=\"_blank\" rel=\"noreferrer noopener\" aria-label=\"Observador (opens in a new tab)\">Observador<\/a><\/p>\n<\/div><\/div>\n\n\n\n<p>&nbsp;<\/p>\n\n\n\n<div class=\"wp-block-media-text alignwide\" style=\"grid-template-columns:34% auto\"><figure class=\"wp-block-media-text__media\"><img loading=\"lazy\" width=\"300\" height=\"180\" src=\"https:\/\/covid360.unl.pt\/wp-content\/uploads\/2020\/03\/site-15.png\" alt=\"\" class=\"wp-image-2524\"\/><\/figure><div class=\"wp-block-media-text__content\">\n<p>Margarida Pereira, da NOVA FCSH, participa em reuni\u00e3o da \u00c1rea Metropolitana de Lisboa (AML) e da Comiss\u00e3o de Coordena\u00e7\u00e3o e Desenvolvimento Regional de Lisboa e Vale do Tejo (CCDR LVT) sobre o impacto da COVID-19 na Estrat\u00e9gia Regional 2030<br><a href=\"https:\/\/observador.pt\/especiais\/o-risco-no-seu-concelho-e-as-previsoes-epidemiologicas-veja-os-graficos-da-covid-insights-no-observador\/\" target=\"_blank\" rel=\"noreferrer noopener\" aria-label=\"Observador (opens in a new tab)\">Rostos.pt<\/a><\/p>\n<\/div><\/div>\n\n\n\n<p>&nbsp;<\/p>\n\n\n\n<div class=\"wp-block-media-text alignwide\" style=\"grid-template-columns:34% auto\"><figure class=\"wp-block-media-text__media\"><img loading=\"lazy\" width=\"300\" height=\"180\" src=\"https:\/\/covid360.unl.pt\/wp-content\/uploads\/2020\/03\/site-16.png\" alt=\"\" class=\"wp-image-2525\"\/><\/figure><div class=\"wp-block-media-text__content\">\n<p>Rui Branco, docente da NOVA FCSH, \u00e9 citado num artigo do P\u00fablico acerca das li\u00e7\u00f5es da pandemia: &#8220;N\u00e3o era preciso uma pandemia para mostrar a import\u00e2ncia de ter um Servi\u00e7o Nacional de Sa\u00fade\u201d.<br><a href=\"https:\/\/www.publico.pt\/2020\/06\/05\/sociedade\/noticia\/importantes-nove-licoes-aprendemos-pandemia-1919484\" target=\"_blank\" rel=\"noreferrer noopener\" aria-label=\"P\u00fablico (opens in a new tab)\">P\u00fablico<\/a><\/p>\n<\/div><\/div>\n<\/div><\/div>\n","protected":false},"excerpt":{"rendered":"<p>Maria Margarida Oliveira, bi\u00f3loga, professora e vice-directora do ITQB NOVA, comenta o facto da Pandemia ter adiado o Dia da Sobrecarga da Terra para AgostoP\u00fablico Photo by&nbsp;Elena Mozhvilo&nbsp;on&nbsp;Unsplash &nbsp; Observador passa a disponibilizar os quadros e gr\u00e1ficos completos da plataforma Covid Insights, desenvolvida atrav\u00e9s de uma parceria entre a COTEC Portugal e a NOVA IMSObservador &#8230; <a title=\"5 de junho\" class=\"read-more\" href=\"https:\/\/covid360.unl.pt\/?p=3174\">Ler mais <span class=\"screen-reader-text\">5 de junho<\/span><\/a><\/p>\n","protected":false},"author":4,"featured_media":0,"comment_status":"closed","ping_status":"open","sticky":false,"template":"","format":"standard","meta":[],"categories":[6],"tags":[],"_links":{"self":[{"href":"https:\/\/covid360.unl.pt\/index.php?rest_route=\/wp\/v2\/posts\/3174"}],"collection":[{"href":"https:\/\/covid360.unl.pt\/index.php?rest_route=\/wp\/v2\/posts"}],"about":[{"href":"https:\/\/covid360.unl.pt\/index.php?rest_route=\/wp\/v2\/types\/post"}],"author":[{"embeddable":true,"href":"https:\/\/covid360.unl.pt\/index.php?rest_route=\/wp\/v2\/users\/4"}],"replies":[{"embeddable":true,"href":"https:\/\/covid360.unl.pt\/index.php?rest_route=%2Fwp%2Fv2%2Fcomments&post=3174"}],"version-history":[{"count":1,"href":"https:\/\/covid360.unl.pt\/index.php?rest_route=\/wp\/v2\/posts\/3174\/revisions"}],"predecessor-version":[{"id":3175,"href":"https:\/\/covid360.unl.pt\/index.php?rest_route=\/wp\/v2\/posts\/3174\/revisions\/3175"}],"wp:attachment":[{"href":"https:\/\/covid360.unl.pt\/index.php?rest_route=%2Fwp%2Fv2%2Fmedia&parent=3174"}],"wp:term":[{"taxonomy":"category","embeddable":true,"href":"https:\/\/covid360.unl.pt\/index.php?rest_route=%2Fwp%2Fv2%2Fcategories&post=3174"},{"taxonomy":"post_tag","embeddable":true,"href":"https:\/\/covid360.unl.pt\/index.php?rest_route=%2Fwp%2Fv2%2Ftags&post=3174"}],"curies":[{"name":"wp","href":"https:\/\/api.w.org\/{rel}","templated":true}]}}