{"id":3180,"date":"2020-06-07T17:23:34","date_gmt":"2020-06-07T16:23:34","guid":{"rendered":"https:\/\/covid360.unl.pt\/?p=3180"},"modified":"2020-07-30T17:24:32","modified_gmt":"2020-07-30T16:24:32","slug":"7-de-junho","status":"publish","type":"post","link":"https:\/\/covid360.unl.pt\/?p=3180","title":{"rendered":"7 de junho"},"content":{"rendered":"\n<div class=\"wp-container-1 wp-block-group alignwide\"><div class=\"wp-block-group__inner-container\">\n<div class=\"wp-block-media-text alignwide\" style=\"grid-template-columns:34% auto\"><figure class=\"wp-block-media-text__media\"><img loading=\"lazy\" width=\"300\" height=\"180\" src=\"https:\/\/covid360.unl.pt\/wp-content\/uploads\/2020\/03\/site-11.png\" alt=\"\" class=\"wp-image-2520\"\/><\/figure><div class=\"wp-block-media-text__content\">\n<p>Num artigo que alerta para a manuten\u00e7\u00e3o dos cuidados para prevenir a transmiss\u00e3o do novo coronav\u00edrus, s\u00e3o apontados dados do Bar\u00f3metro COVID-19, da ENSP NOVA, que revela que s\u00e3o os mais jovens (16-25 anos) que mais t\u00eam a percep\u00e7\u00e3o de ter um risco baixo ou nulo de contrair a doen\u00e7a.<br><a href=\"https:\/\/www.publico.pt\/2020\/06\/05\/ciencia\/noticia\/pandemia-adiou-dia-terra-esgotaria-recursos-naturais-2020-1919626\">P\u00fablico<\/a><\/p>\n<\/div><\/div>\n\n\n\n<p>&nbsp;<\/p>\n\n\n\n<div class=\"wp-block-media-text alignwide\" style=\"grid-template-columns:34% auto\"><figure class=\"wp-block-media-text__media\"><img loading=\"lazy\" width=\"300\" height=\"180\" src=\"https:\/\/covid360.unl.pt\/wp-content\/uploads\/2020\/03\/site-12.png\" alt=\"\" class=\"wp-image-2521\"\/><\/figure><div class=\"wp-block-media-text__content\">\n<p>Inqu\u00e9rito Vis\u00e3o\/ Nova SBE aponta que mais de metade dos portugueses pretende deixar de usar transportes p\u00fablicos e cerca de um ter\u00e7o quer andar mais a p\u00e9.<br><a href=\"https:\/\/www.publico.pt\/2020\/06\/05\/ciencia\/noticia\/pandemia-adiou-dia-terra-esgotaria-recursos-naturais-2020-1919626\">Vis\u00e3o<\/a><\/p>\n<\/div><\/div>\n\n\n\n<p>&nbsp;<\/p>\n\n\n\n<div class=\"wp-block-media-text alignwide\" style=\"grid-template-columns:34% auto\"><figure class=\"wp-block-media-text__media\"><img loading=\"lazy\" width=\"300\" height=\"180\" src=\"https:\/\/covid360.unl.pt\/wp-content\/uploads\/2020\/03\/site-13.png\" alt=\"\" class=\"wp-image-2522\"\/><\/figure><div class=\"wp-block-media-text__content\">\n<p>Estudo ib\u00e9rico sobre impacto da pandemia no deporto e que integra investigadores da NOVA FCSH concluiu que dois em cada tr\u00eas portugueses reduziram o treino ao ar livre. <br><a href=\"https:\/\/www.publico.pt\/2020\/06\/05\/ciencia\/noticia\/pandemia-adiou-dia-terra-esgotaria-recursos-naturais-2020-1919626\">Record TV<\/a> | <a href=\"https:\/\/www.theportugalnews.com\/news\/two-out-of-three-portuguese-reduced-the-intensity-and-frequency-of-outdoor-training\/54422\" target=\"_blank\" rel=\"noreferrer noopener\" aria-label=\"The Portugal News (opens in a new tab)\">The Portugal News<\/a> (<em>em ingl\u00eas<\/em>)<\/p>\n<\/div><\/div>\n\n\n\n<p>&nbsp;<\/p>\n\n\n\n<div class=\"wp-block-media-text alignwide\" style=\"grid-template-columns:34% auto\"><figure class=\"wp-block-media-text__media\"><img loading=\"lazy\" width=\"300\" height=\"180\" src=\"https:\/\/covid360.unl.pt\/wp-content\/uploads\/2020\/03\/preparar_futuro.jpg\" alt=\"\" class=\"wp-image-1709\"\/><\/figure><div class=\"wp-block-media-text__content\">\n<p>Questionada sobre o fim do confinamento, o regresso \u00e0s aulas e o in\u00edcio da \u00e9poca balnear, a Diretora da ENSP-NOVA, Professora Carla Nunes, considera que <em>\u201ctem que ser refor\u00e7ada a comunica\u00e7\u00e3o que podemos sair, mas com medidas\u201d<\/em><br><a href=\"https:\/\/www.publico.pt\/2020\/06\/07\/sociedade\/noticia\/reforcada-comunicacao-podemos-sair-medidas-1919718?fbclid=IwAR01uXxydk7Bts8Uy3V0O2uXBi5ZEu8V1dWAPaIjYGWhZIbL6UMeykr9KGU\" target=\"_blank\" rel=\"noreferrer noopener\" aria-label=\"P\u00fablico (opens in a new tab)\">P\u00fablico<\/a><\/p>\n<\/div><\/div>\n<\/div><\/div>\n","protected":false},"excerpt":{"rendered":"<p>Num artigo que alerta para a manuten\u00e7\u00e3o dos cuidados para prevenir a transmiss\u00e3o do novo coronav\u00edrus, s\u00e3o apontados dados do Bar\u00f3metro COVID-19, da ENSP NOVA, que revela que s\u00e3o os mais jovens (16-25 anos) que mais t\u00eam a percep\u00e7\u00e3o de ter um risco baixo ou nulo de contrair a doen\u00e7a.P\u00fablico &nbsp; Inqu\u00e9rito Vis\u00e3o\/ Nova SBE &#8230; <a title=\"7 de junho\" class=\"read-more\" href=\"https:\/\/covid360.unl.pt\/?p=3180\">Ler mais <span class=\"screen-reader-text\">7 de junho<\/span><\/a><\/p>\n","protected":false},"author":4,"featured_media":0,"comment_status":"closed","ping_status":"open","sticky":false,"template":"","format":"standard","meta":[],"categories":[6],"tags":[],"_links":{"self":[{"href":"https:\/\/covid360.unl.pt\/index.php?rest_route=\/wp\/v2\/posts\/3180"}],"collection":[{"href":"https:\/\/covid360.unl.pt\/index.php?rest_route=\/wp\/v2\/posts"}],"about":[{"href":"https:\/\/covid360.unl.pt\/index.php?rest_route=\/wp\/v2\/types\/post"}],"author":[{"embeddable":true,"href":"https:\/\/covid360.unl.pt\/index.php?rest_route=\/wp\/v2\/users\/4"}],"replies":[{"embeddable":true,"href":"https:\/\/covid360.unl.pt\/index.php?rest_route=%2Fwp%2Fv2%2Fcomments&post=3180"}],"version-history":[{"count":1,"href":"https:\/\/covid360.unl.pt\/index.php?rest_route=\/wp\/v2\/posts\/3180\/revisions"}],"predecessor-version":[{"id":3181,"href":"https:\/\/covid360.unl.pt\/index.php?rest_route=\/wp\/v2\/posts\/3180\/revisions\/3181"}],"wp:attachment":[{"href":"https:\/\/covid360.unl.pt\/index.php?rest_route=%2Fwp%2Fv2%2Fmedia&parent=3180"}],"wp:term":[{"taxonomy":"category","embeddable":true,"href":"https:\/\/covid360.unl.pt\/index.php?rest_route=%2Fwp%2Fv2%2Fcategories&post=3180"},{"taxonomy":"post_tag","embeddable":true,"href":"https:\/\/covid360.unl.pt\/index.php?rest_route=%2Fwp%2Fv2%2Ftags&post=3180"}],"curies":[{"name":"wp","href":"https:\/\/api.w.org\/{rel}","templated":true}]}}