{"id":3183,"date":"2020-06-08T17:24:55","date_gmt":"2020-06-08T16:24:55","guid":{"rendered":"https:\/\/covid360.unl.pt\/?p=3183"},"modified":"2020-07-30T17:25:28","modified_gmt":"2020-07-30T16:25:28","slug":"8-de-junho","status":"publish","type":"post","link":"https:\/\/covid360.unl.pt\/?p=3183","title":{"rendered":"8 de junho"},"content":{"rendered":"\n<div class=\"wp-container-1 wp-block-group alignwide\"><div class=\"wp-block-group__inner-container\">\n<div class=\"wp-block-media-text alignwide\" style=\"grid-template-columns:34% auto\"><figure class=\"wp-block-media-text__media\"><img loading=\"lazy\" width=\"300\" height=\"180\" src=\"https:\/\/covid360.unl.pt\/wp-content\/uploads\/2020\/03\/site-9.png\" alt=\"\" class=\"wp-image-2514\"\/><\/figure><div class=\"wp-block-media-text__content\">\n<p>Epidemiologistas da ENSP NOVA entre os especialistas que fazem apresenta\u00e7\u00f5es t\u00e9cnicas na sess\u00e3o sobre a \u201csitua\u00e7\u00e3o epidemiol\u00f3gica da covid-19 em Portugal\u201d, iniciativa do primeiro-ministro Ant\u00f3nio Costa, e que conta com o Presidente da Rep\u00fablica Marcelo Rebelo de Sousa e o presidente da Assembleia da Rep\u00fablica Eduardo Ferro Rodrigues<br><a href=\"https:\/\/www.lusa.pt\/article\/wD9zaJpeEF6rE93YW4fWxDMSZM5iuSI1\/covid-19-especialistas-e-pol%C3%ADticos-re%C3%BAnem-se-hoje-situa%C3%A7%C3%A3o-em-lisboa-na-agenda\" target=\"_blank\" rel=\"noreferrer noopener\" aria-label=\"Lusa (opens in a new tab)\">Lusa<\/a> | <a href=\"https:\/\/www.rtp.pt\/madeira\/sociedade\/covid-19-especialistas-e-politicos-reunem-se-hoje-situacao-em-lisboa-na-agenda-_40264\" target=\"_blank\" rel=\"noreferrer noopener\" aria-label=\"RTP (opens in a new tab)\">RTP<\/a> | <a href=\"https:\/\/www.saudemais.tv\/noticia\/19819-covid-19-especialistas-e-politicos-reunem-se-hoje-situacao-em-lisboa-na-agenda\" target=\"_blank\" rel=\"noreferrer noopener\" aria-label=\"S+ (opens in a new tab)\">S+<\/a> | <a href=\"https:\/\/recordeuropa.com\/noticias\/coronavirus\/especialistas-e-politicos-reunem-se-hoje-08-06-2020\/\" target=\"_blank\" rel=\"noreferrer noopener\" aria-label=\"Record TV (opens in a new tab)\">Record TV<\/a> | <a href=\"https:\/\/www.dnoticias.pt\/pais\/especialistas-e-politicos-reunem-se-hoje-situacao-em-lisboa-na-agenda-HL6397180#\" target=\"_blank\" rel=\"noreferrer noopener\" aria-label=\"Di\u00e1rio de Not\u00edcias da Madeira (opens in a new tab)\">Di\u00e1rio de Not\u00edcias da Madeira<\/a> | <a href=\"https:\/\/zap.aeiou.pt\/especialistas-politicos-reunem-328772\" target=\"_blank\" rel=\"noreferrer noopener\" aria-label=\"ZAP (opens in a new tab)\">ZAP<\/a> | <a href=\"https:\/\/www.futebol365.pt\/artigo\/233485-covid-19-especialistas-e-politicos-reunem-se-hoje-situacao-em-lisboa-na-agenda\/\" target=\"_blank\" rel=\"noreferrer noopener\" aria-label=\"Futebol 365 (opens in a new tab)\">Futebol 365<\/a> | <a href=\"https:\/\/healthnews.pt\/2020\/06\/08\/especialistas-e-politicos-reunem-se-hoje-situacao-em-lisboa-na-agenda\/\" target=\"_blank\" rel=\"noreferrer noopener\" aria-label=\"HealthNews (opens in a new tab)\">HealthNews<\/a> | <a href=\"https:\/\/www.impala.pt\/noticias\/politica\/covid-19-especialistas-e-politicos-reunem-se-hoje-situacao-em-lisboa-na-agenda\/\" target=\"_blank\" rel=\"noreferrer noopener\" aria-label=\"Impala (opens in a new tab)\">Impala<\/a> | <a href=\"https:\/\/www.noticiasaominuto.com\/mundo\/1504450\/especialistas-e-politicos-reunem-se-hoje-situacao-em-lisboa-na-agenda\" target=\"_blank\" rel=\"noreferrer noopener\" aria-label=\"Not\u00edcias ao Minuto (opens in a new tab)\">Not\u00edcias ao Minuto<\/a> | <a href=\"https:\/\/www.sabado.pt\/portugal\/detalhe\/covid-19-especialistas-e-politicos-reunem-se-pela-oitava-vez-no-infarmed\" target=\"_blank\" rel=\"noreferrer noopener\" aria-label=\"S\u00e1bado (opens in a new tab)\">S\u00e1bado<\/a> | <a href=\"https:\/\/www.sapo.pt\/noticias\/atualidade\/especialistas-e-politicos-reunem-se-hoje_5eddba4a9a986b5fbec0e3cc\" target=\"_blank\" rel=\"noreferrer noopener\" aria-label=\"Sapo (opens in a new tab)\">Sapo<\/a> | <a href=\"https:\/\/sicnoticias.pt\/especiais\/coronavirus\/2020-06-08-Governo-reune-se-com-especialistas-no-Infarmed.-Situacao-em-Lisboa-na-agenda\" target=\"_blank\" rel=\"noreferrer noopener\" aria-label=\"SIC Not\u00edcias (opens in a new tab)\">SIC Not\u00edcias<\/a> | <a href=\"https:\/\/tvi24.iol.pt\/politica\/coronavirus\/covid-19-especialistas-e-politicos-reunem-se-com-situacao-em-lisboa-na-agenda\" target=\"_blank\" rel=\"noreferrer noopener\" aria-label=\"TVI24 (opens in a new tab)\">TVI24<\/a> | <a href=\"https:\/\/visao.sapo.pt\/atualidade\/politica\/2020-06-08-covid-19-especialistas-e-politicos-reunem-se-hoje-situacao-em-lisboa-na-agenda\/\" target=\"_blank\" rel=\"noreferrer noopener\" aria-label=\"Vis\u00e3o (opens in a new tab)\">Vis\u00e3o<\/a><\/p>\n\n\n\n<p class=\"has-text-color has-small-font-size has-cyan-bluish-gray-color\">Photo by&nbsp;<a href=\"https:\/\/unsplash.com\/@anniespratt\" target=\"_blank\" rel=\"noreferrer noopener\" aria-label=\"Annie Spratt (opens in a new tab)\">Annie Spratt<\/a>&nbsp;on&nbsp;Unsplash<\/p>\n<\/div><\/div>\n\n\n\n<p>&nbsp;<\/p>\n\n\n\n<div class=\"wp-block-media-text alignwide\" style=\"grid-template-columns:34% auto\"><figure class=\"wp-block-media-text__media\"><img loading=\"lazy\" width=\"300\" height=\"180\" src=\"https:\/\/covid360.unl.pt\/wp-content\/uploads\/2020\/03\/site-10.png\" alt=\"\" class=\"wp-image-2518\"\/><\/figure><div class=\"wp-block-media-text__content\">\n<p>Pedro Brito, Associate Dean para Forma\u00e7\u00e3o de Executivos na Nova SBE, reflete sobre o fen\u00f3meno da aprendizagem remota, que se tornou mais evidente no contexto da pandemia por COVID-19<br><a href=\"https:\/\/expresso.pt\/opiniao\/2020-06-08-Aprendizagem-remota-versus-presencial--Competicao-ou-parceria-\" target=\"_blank\" rel=\"noreferrer noopener\" aria-label=\"Expresso (opens in a new tab)\">Expresso<\/a><\/p>\n<\/div><\/div>\n<\/div><\/div>\n","protected":false},"excerpt":{"rendered":"<p>Epidemiologistas da ENSP NOVA entre os especialistas que fazem apresenta\u00e7\u00f5es t\u00e9cnicas na sess\u00e3o sobre a \u201csitua\u00e7\u00e3o epidemiol\u00f3gica da covid-19 em Portugal\u201d, iniciativa do primeiro-ministro Ant\u00f3nio Costa, e que conta com o Presidente da Rep\u00fablica Marcelo Rebelo de Sousa e o presidente da Assembleia da Rep\u00fablica Eduardo Ferro RodriguesLusa | RTP | S+ | Record TV &#8230; <a title=\"8 de junho\" class=\"read-more\" href=\"https:\/\/covid360.unl.pt\/?p=3183\">Ler mais <span class=\"screen-reader-text\">8 de junho<\/span><\/a><\/p>\n","protected":false},"author":4,"featured_media":0,"comment_status":"closed","ping_status":"open","sticky":false,"template":"","format":"standard","meta":[],"categories":[6],"tags":[],"_links":{"self":[{"href":"https:\/\/covid360.unl.pt\/index.php?rest_route=\/wp\/v2\/posts\/3183"}],"collection":[{"href":"https:\/\/covid360.unl.pt\/index.php?rest_route=\/wp\/v2\/posts"}],"about":[{"href":"https:\/\/covid360.unl.pt\/index.php?rest_route=\/wp\/v2\/types\/post"}],"author":[{"embeddable":true,"href":"https:\/\/covid360.unl.pt\/index.php?rest_route=\/wp\/v2\/users\/4"}],"replies":[{"embeddable":true,"href":"https:\/\/covid360.unl.pt\/index.php?rest_route=%2Fwp%2Fv2%2Fcomments&post=3183"}],"version-history":[{"count":1,"href":"https:\/\/covid360.unl.pt\/index.php?rest_route=\/wp\/v2\/posts\/3183\/revisions"}],"predecessor-version":[{"id":3184,"href":"https:\/\/covid360.unl.pt\/index.php?rest_route=\/wp\/v2\/posts\/3183\/revisions\/3184"}],"wp:attachment":[{"href":"https:\/\/covid360.unl.pt\/index.php?rest_route=%2Fwp%2Fv2%2Fmedia&parent=3183"}],"wp:term":[{"taxonomy":"category","embeddable":true,"href":"https:\/\/covid360.unl.pt\/index.php?rest_route=%2Fwp%2Fv2%2Fcategories&post=3183"},{"taxonomy":"post_tag","embeddable":true,"href":"https:\/\/covid360.unl.pt\/index.php?rest_route=%2Fwp%2Fv2%2Ftags&post=3183"}],"curies":[{"name":"wp","href":"https:\/\/api.w.org\/{rel}","templated":true}]}}