{"id":3185,"date":"2020-06-09T17:25:32","date_gmt":"2020-06-09T16:25:32","guid":{"rendered":"https:\/\/covid360.unl.pt\/?p=3185"},"modified":"2020-07-30T17:25:59","modified_gmt":"2020-07-30T16:25:59","slug":"9-de-junho","status":"publish","type":"post","link":"https:\/\/covid360.unl.pt\/?p=3185","title":{"rendered":"9 de junho"},"content":{"rendered":"\n<div class=\"wp-container-1 wp-block-group alignwide\"><div class=\"wp-block-group__inner-container\">\n<div class=\"wp-block-media-text alignwide\" style=\"grid-template-columns:34% auto\"><figure class=\"wp-block-media-text__media\"><img loading=\"lazy\" width=\"257\" height=\"165\" src=\"https:\/\/covid360.unl.pt\/wp-content\/uploads\/2020\/03\/1.png\" alt=\"\" class=\"wp-image-243\"\/><\/figure><div class=\"wp-block-media-text__content\">\n<p>Ant\u00f3nio Grilo, da FCT NOVA, juntamente com Jo\u00e3o Nascimento, fundador da Open Air, confirmam \u00e0 EXAME que j\u00e1 h\u00e1 prot\u00f3tipo do ventilador de emerg\u00eancia made in Portugal<br><a href=\"https:\/\/visao.sapo.pt\/exame\/2020-06-09-covid-19-ja-ha-prototipo-do-ventilador-de-emergencia-made-in-portugal\/\" target=\"_blank\" rel=\"noreferrer noopener\" aria-label=\"Exame (opens in a new tab)\">Exame<\/a><\/p>\n<\/div><\/div>\n<\/div><\/div>\n","protected":false},"excerpt":{"rendered":"<p>Ant\u00f3nio Grilo, da FCT NOVA, juntamente com Jo\u00e3o Nascimento, fundador da Open Air, confirmam \u00e0 EXAME que j\u00e1 h\u00e1 prot\u00f3tipo do ventilador de emerg\u00eancia made in PortugalExame<\/p>\n","protected":false},"author":4,"featured_media":0,"comment_status":"closed","ping_status":"open","sticky":false,"template":"","format":"standard","meta":[],"categories":[6],"tags":[],"_links":{"self":[{"href":"https:\/\/covid360.unl.pt\/index.php?rest_route=\/wp\/v2\/posts\/3185"}],"collection":[{"href":"https:\/\/covid360.unl.pt\/index.php?rest_route=\/wp\/v2\/posts"}],"about":[{"href":"https:\/\/covid360.unl.pt\/index.php?rest_route=\/wp\/v2\/types\/post"}],"author":[{"embeddable":true,"href":"https:\/\/covid360.unl.pt\/index.php?rest_route=\/wp\/v2\/users\/4"}],"replies":[{"embeddable":true,"href":"https:\/\/covid360.unl.pt\/index.php?rest_route=%2Fwp%2Fv2%2Fcomments&post=3185"}],"version-history":[{"count":1,"href":"https:\/\/covid360.unl.pt\/index.php?rest_route=\/wp\/v2\/posts\/3185\/revisions"}],"predecessor-version":[{"id":3186,"href":"https:\/\/covid360.unl.pt\/index.php?rest_route=\/wp\/v2\/posts\/3185\/revisions\/3186"}],"wp:attachment":[{"href":"https:\/\/covid360.unl.pt\/index.php?rest_route=%2Fwp%2Fv2%2Fmedia&parent=3185"}],"wp:term":[{"taxonomy":"category","embeddable":true,"href":"https:\/\/covid360.unl.pt\/index.php?rest_route=%2Fwp%2Fv2%2Fcategories&post=3185"},{"taxonomy":"post_tag","embeddable":true,"href":"https:\/\/covid360.unl.pt\/index.php?rest_route=%2Fwp%2Fv2%2Ftags&post=3185"}],"curies":[{"name":"wp","href":"https:\/\/api.w.org\/{rel}","templated":true}]}}