{"id":3187,"date":"2020-06-10T17:26:07","date_gmt":"2020-06-10T16:26:07","guid":{"rendered":"https:\/\/covid360.unl.pt\/?p=3187"},"modified":"2020-07-30T17:26:33","modified_gmt":"2020-07-30T16:26:33","slug":"10-de-junho","status":"publish","type":"post","link":"https:\/\/covid360.unl.pt\/?p=3187","title":{"rendered":"10 de junho"},"content":{"rendered":"\n<div class=\"wp-container-1 wp-block-group alignwide\"><div class=\"wp-block-group__inner-container\">\n<div class=\"wp-block-media-text alignwide\" style=\"grid-template-columns:34% auto\"><figure class=\"wp-block-media-text__media\"><img loading=\"lazy\" width=\"300\" height=\"180\" src=\"https:\/\/covid360.unl.pt\/wp-content\/uploads\/2020\/03\/cabines-desinfecao.jpg\" alt=\"\" class=\"wp-image-2570\"\/><\/figure><div class=\"wp-block-media-text__content\">\n<p>Praias de Oeiras j\u00e1 t\u00eam cabines de desinfe\u00e7\u00e3o, um equipamento desenvolvido na Turquia, em parceria com a empresa portuguesa FFF Global Trade e com o apoio da NMS|FCM<br><a href=\"https:\/\/observador.pt\/2020\/06\/10\/praias-de-oeiras-ja-tem-semaforos-e-cabines-de-desinfecao\/\" target=\"_blank\" rel=\"noreferrer noopener\" aria-label=\"Observador (opens in a new tab)\">Observador<\/a> | <a href=\"https:\/\/shoppingspirit.pt\/destinos\/abertura-da-epoca-balnear-na-praia-de-paco-de-arcos-com-cabine-de-desinfecao\/\" target=\"_blank\" rel=\"noreferrer noopener\" aria-label=\"Shopping (opens in a new tab)\">ShoppingSpirit News<\/a><\/p>\n<\/div><\/div>\n\n\n\n<p>&nbsp;<\/p>\n\n\n\n<div class=\"wp-block-media-text alignwide\" style=\"grid-template-columns:34% auto\"><figure class=\"wp-block-media-text__media\"><img loading=\"lazy\" width=\"300\" height=\"180\" src=\"https:\/\/covid360.unl.pt\/wp-content\/uploads\/2020\/03\/virus_portugal.jpg\" alt=\"\" class=\"wp-image-1189\"\/><\/figure><div class=\"wp-block-media-text__content\">\n<p>Coment\u00e1rios da Professora Carla Nunes, Diretora da ENSP-NOVA, sobre o aumento do n\u00famero de infectados em Lisboa<br><a href=\"https:\/\/www.publico.pt\/2020\/06\/10\/sociedade\/noticia\/covid19-casos-lisboa-aumentam-causa-desconfinamento-testar-1920096\" target=\"_blank\" rel=\"noreferrer noopener\" aria-label=\"P\u00fablico (opens in a new tab)\">P\u00fablico<\/a> | <a href=\"https:\/\/executivedigest.sapo.pt\/casos-de-covid-19-em-lisboa-sobem-devido-ao-desconfinamento-e-ao-aumento-de-testes\/\" target=\"_blank\" rel=\"noreferrer noopener\" aria-label=\"Executive Digest (opens in a new tab)\">Executive Digest<\/a><\/p>\n<\/div><\/div>\n<\/div><\/div>\n","protected":false},"excerpt":{"rendered":"<p>Praias de Oeiras j\u00e1 t\u00eam cabines de desinfe\u00e7\u00e3o, um equipamento desenvolvido na Turquia, em parceria com a empresa portuguesa FFF Global Trade e com o apoio da NMS|FCMObservador | ShoppingSpirit News &nbsp; Coment\u00e1rios da Professora Carla Nunes, Diretora da ENSP-NOVA, sobre o aumento do n\u00famero de infectados em LisboaP\u00fablico | Executive Digest<\/p>\n","protected":false},"author":4,"featured_media":0,"comment_status":"closed","ping_status":"open","sticky":false,"template":"","format":"standard","meta":[],"categories":[6],"tags":[],"_links":{"self":[{"href":"https:\/\/covid360.unl.pt\/index.php?rest_route=\/wp\/v2\/posts\/3187"}],"collection":[{"href":"https:\/\/covid360.unl.pt\/index.php?rest_route=\/wp\/v2\/posts"}],"about":[{"href":"https:\/\/covid360.unl.pt\/index.php?rest_route=\/wp\/v2\/types\/post"}],"author":[{"embeddable":true,"href":"https:\/\/covid360.unl.pt\/index.php?rest_route=\/wp\/v2\/users\/4"}],"replies":[{"embeddable":true,"href":"https:\/\/covid360.unl.pt\/index.php?rest_route=%2Fwp%2Fv2%2Fcomments&post=3187"}],"version-history":[{"count":1,"href":"https:\/\/covid360.unl.pt\/index.php?rest_route=\/wp\/v2\/posts\/3187\/revisions"}],"predecessor-version":[{"id":3189,"href":"https:\/\/covid360.unl.pt\/index.php?rest_route=\/wp\/v2\/posts\/3187\/revisions\/3189"}],"wp:attachment":[{"href":"https:\/\/covid360.unl.pt\/index.php?rest_route=%2Fwp%2Fv2%2Fmedia&parent=3187"}],"wp:term":[{"taxonomy":"category","embeddable":true,"href":"https:\/\/covid360.unl.pt\/index.php?rest_route=%2Fwp%2Fv2%2Fcategories&post=3187"},{"taxonomy":"post_tag","embeddable":true,"href":"https:\/\/covid360.unl.pt\/index.php?rest_route=%2Fwp%2Fv2%2Ftags&post=3187"}],"curies":[{"name":"wp","href":"https:\/\/api.w.org\/{rel}","templated":true}]}}