{"id":3255,"date":"2020-07-29T14:56:00","date_gmt":"2020-07-29T13:56:00","guid":{"rendered":"https:\/\/covid360.unl.pt\/?p=3255"},"modified":"2020-09-14T12:48:51","modified_gmt":"2020-09-14T11:48:51","slug":"29-de-julho","status":"publish","type":"post","link":"https:\/\/covid360.unl.pt\/?p=3255","title":{"rendered":"29 de julho"},"content":{"rendered":"<div><img loading=\"lazy\" class=\"size-full wp-image-3258 alignleft\" src=\"https:\/\/covid360.unl.pt\/wp-content\/uploads\/2020\/07\/primarycarecovid-2.jpg\" alt=\"\" width=\"300\" height=\"180\">Projeto PrimaryCare@COVID-19 criou plataforma digital ao n\u00edvel dos cuidados de sa\u00fade prim\u00e1rios para apoiar e monitorizar doentes cr\u00f3nicos durante a pandemia de COVID-19<br \/>\n<a href=\"https:\/\/www.atlasdasaude.pt\/noticias\/primarycarecovid-19-cria-plataforma-digital-de-apoio-gestao-da-doenca-cronica-durante\" target=\"_blank\" rel=\"noopener noreferrer\">Atlas da Sa\u00fade<\/a> | <a href=\"https:\/\/www.indice.eu\/pt\/noticias\/saude\/2020\/07\/29\/primarycarecovid-19-cria-plataforma-de-apoio-a-doenca-cronica\" target=\"_blank\" rel=\"noopener noreferrer\">\u00cdNDICE.eu<\/a><\/p>\n<p>Photo by&nbsp;<a href=\"https:\/\/www.ihmt.unl.pt\/\" target=\"_blank\" rel=\"noreferrer noopener\" aria-label=\"IHMT-NOVA (abre num novo separador)\">IHMT-NOVA<\/a><\/p>\n<\/div>\n<div style=\"clear:both;\"><\/div>\n<div style=\" margin-top:2rem;\">\n<p><a href=\"https:\/\/www.indice.eu\/pt\/noticias\/saude\/2020\/07\/29\/primarycarecovid-19-cria-plataforma-de-apoio-a-doenca-cronica\" target=\"_blank\" rel=\"noopener noreferrer\"><img loading=\"lazy\" class=\"size-full wp-image-3430 alignleft\" src=\"https:\/\/covid360.unl.pt\/wp-content\/uploads\/2020\/07\/living-lab_nms.jpg\" alt=\"\" width=\"300\" height=\"180\"><\/a>A Nova Medical School juntou-se \u00e0 Victoria Seguros e \u00e0 APPII \u2013 Associa\u00e7\u00e3o de Portuguesa de Promotores e Investidores Imobili\u00e1rios no desenvolvimento do Living Lab Sa\u00fade e Imobili\u00e1rio, visando a qualifica\u00e7\u00e3o dos espa\u00e7os f\u00edsicos de forma a que promovam a sa\u00fade de quem os habita ou utiliza<a href=\"https:\/\/www.indice.eu\/pt\/noticias\/saude\/2020\/07\/29\/primarycarecovid-19-cria-plataforma-de-apoio-a-doenca-cronica\" target=\"_blank\" rel=\"noopener noreferrer\"><br data-rich-text-line-break=\"true\"><\/a><a href=\"https:\/\/vidaimobiliaria.com\/editorial\/victoria-seguros-apoia-o-living-lab-saude-e-imobil\" target=\"_blank\" rel=\"noreferrer noopener\" aria-label=\"Vida Imobili\u00e1ria (abre num novo separador)\">Vida Imobili\u00e1ria<\/a><\/p>\n<p>Photo in&nbsp;<a href=\"https:\/\/vidaimobiliaria.com\/editorial\/victoria-seguros-apoia-o-living-lab-saude-e-imobil\" target=\"_blank\" rel=\"noreferrer noopener\" aria-label=\"Vida Imobili\u00e1ria (abre num novo separador)\">Vida Imobili\u00e1ria<\/a><\/p>\n<\/div>\n","protected":false},"excerpt":{"rendered":"<p>Projeto PrimaryCare@COVID-19 criou plataforma digital ao n\u00edvel dos cuidados de sa\u00fade prim\u00e1rios para apoiar e monitorizar doentes cr\u00f3nicos durante a pandemia de COVID-19 Atlas da Sa\u00fade | \u00cdNDICE.eu Photo by&nbsp;IHMT-NOVA A Nova Medical School juntou-se \u00e0 Victoria Seguros e \u00e0 APPII \u2013 Associa\u00e7\u00e3o de Portuguesa de Promotores e Investidores Imobili\u00e1rios no desenvolvimento do Living Lab &#8230; <a title=\"29 de julho\" class=\"read-more\" href=\"https:\/\/covid360.unl.pt\/?p=3255\">Ler mais <span class=\"screen-reader-text\">29 de julho<\/span><\/a><\/p>\n","protected":false},"author":4,"featured_media":0,"comment_status":"closed","ping_status":"open","sticky":false,"template":"","format":"standard","meta":[],"categories":[6],"tags":[],"_links":{"self":[{"href":"https:\/\/covid360.unl.pt\/index.php?rest_route=\/wp\/v2\/posts\/3255"}],"collection":[{"href":"https:\/\/covid360.unl.pt\/index.php?rest_route=\/wp\/v2\/posts"}],"about":[{"href":"https:\/\/covid360.unl.pt\/index.php?rest_route=\/wp\/v2\/types\/post"}],"author":[{"embeddable":true,"href":"https:\/\/covid360.unl.pt\/index.php?rest_route=\/wp\/v2\/users\/4"}],"replies":[{"embeddable":true,"href":"https:\/\/covid360.unl.pt\/index.php?rest_route=%2Fwp%2Fv2%2Fcomments&post=3255"}],"version-history":[{"count":7,"href":"https:\/\/covid360.unl.pt\/index.php?rest_route=\/wp\/v2\/posts\/3255\/revisions"}],"predecessor-version":[{"id":3434,"href":"https:\/\/covid360.unl.pt\/index.php?rest_route=\/wp\/v2\/posts\/3255\/revisions\/3434"}],"wp:attachment":[{"href":"https:\/\/covid360.unl.pt\/index.php?rest_route=%2Fwp%2Fv2%2Fmedia&parent=3255"}],"wp:term":[{"taxonomy":"category","embeddable":true,"href":"https:\/\/covid360.unl.pt\/index.php?rest_route=%2Fwp%2Fv2%2Fcategories&post=3255"},{"taxonomy":"post_tag","embeddable":true,"href":"https:\/\/covid360.unl.pt\/index.php?rest_route=%2Fwp%2Fv2%2Ftags&post=3255"}],"curies":[{"name":"wp","href":"https:\/\/api.w.org\/{rel}","templated":true}]}}