{"id":3260,"date":"2020-07-27T15:07:00","date_gmt":"2020-07-27T14:07:00","guid":{"rendered":"https:\/\/covid360.unl.pt\/?p=3260"},"modified":"2020-08-19T11:37:54","modified_gmt":"2020-08-19T10:37:54","slug":"27-de-julho","status":"publish","type":"post","link":"https:\/\/covid360.unl.pt\/?p=3260","title":{"rendered":"27 de julho"},"content":{"rendered":"<p><img loading=\"lazy\" class=\"size-full wp-image-1397 alignleft\" src=\"https:\/\/covid360.unl.pt\/wp-content\/uploads\/2020\/03\/assintomaticos.jpg\" alt=\"\" width=\"300\" height=\"180\">Estudo da ENSP-NOVA concluiu que pelo menos 1 milh\u00e3o e meio de portugueses pode estar em risco de sofrer de doen\u00e7a severa se forem infetados pela COVID-19<br data-rich-text-line-break=\"true\"><a href=\"https:\/\/sicnoticias.pt\/especiais\/coronavirus\/2020-07-27-15-milhoes-de-portugueses-correm-risco-de-doenca-severa-se-forem-infetados-com-Covid-19\" target=\"_blank\" rel=\"noreferrer noopener\" aria-label=\"SIC Not\u00edcias (abre num novo separador)\">SIC Not\u00edcias<\/a> | <a href=\"https:\/\/tvi24.iol.pt\/amp\/videos\/sociedade\/covid-19-numero-portugueses-em-risco-de-doenca-severa-sao-reflexo-de-uma-populacao-envelhecida\/5f1eb3a20cf2dcf51aadb1c4\" target=\"_blank\" rel=\"noreferrer noopener\" aria-label=\"TVI24 (abre num novo separador)\">TVI24<\/a> | <a href=\"https:\/\/observador.pt\/2020\/07\/27\/covid-19-pelo-menos-15-milhoes-de-idosos-em-risco-de-doenca-severa\/\" target=\"_blank\" rel=\"noreferrer noopener\" aria-label=\"Observador (abre num novo separador)\">Observador<\/a> | <a href=\"https:\/\/www.rtp.pt\/noticias\/pais\/portugueses-que-tiveram-covid-19-com-risco-de-doenca-severa_v1247845\" target=\"_blank\" rel=\"noreferrer noopener\" aria-label=\"RTP1 (abre num novo separador)\">RTP1<\/a><\/p>\n\n\n<p class=\"has-text-color has-small-font-size has-cyan-bluish-gray-color\">Photo by CDC on Unsplash<\/p>\n","protected":false},"excerpt":{"rendered":"<p>Estudo da ENSP-NOVA concluiu que pelo menos 1 milh\u00e3o e meio de portugueses pode estar em risco de sofrer de doen\u00e7a severa se forem infetados pela COVID-19SIC Not\u00edcias | TVI24 | Observador | RTP1 Photo by CDC on Unsplash<\/p>\n","protected":false},"author":4,"featured_media":0,"comment_status":"closed","ping_status":"open","sticky":false,"template":"","format":"standard","meta":[],"categories":[6],"tags":[],"_links":{"self":[{"href":"https:\/\/covid360.unl.pt\/index.php?rest_route=\/wp\/v2\/posts\/3260"}],"collection":[{"href":"https:\/\/covid360.unl.pt\/index.php?rest_route=\/wp\/v2\/posts"}],"about":[{"href":"https:\/\/covid360.unl.pt\/index.php?rest_route=\/wp\/v2\/types\/post"}],"author":[{"embeddable":true,"href":"https:\/\/covid360.unl.pt\/index.php?rest_route=\/wp\/v2\/users\/4"}],"replies":[{"embeddable":true,"href":"https:\/\/covid360.unl.pt\/index.php?rest_route=%2Fwp%2Fv2%2Fcomments&post=3260"}],"version-history":[{"count":5,"href":"https:\/\/covid360.unl.pt\/index.php?rest_route=\/wp\/v2\/posts\/3260\/revisions"}],"predecessor-version":[{"id":3320,"href":"https:\/\/covid360.unl.pt\/index.php?rest_route=\/wp\/v2\/posts\/3260\/revisions\/3320"}],"wp:attachment":[{"href":"https:\/\/covid360.unl.pt\/index.php?rest_route=%2Fwp%2Fv2%2Fmedia&parent=3260"}],"wp:term":[{"taxonomy":"category","embeddable":true,"href":"https:\/\/covid360.unl.pt\/index.php?rest_route=%2Fwp%2Fv2%2Fcategories&post=3260"},{"taxonomy":"post_tag","embeddable":true,"href":"https:\/\/covid360.unl.pt\/index.php?rest_route=%2Fwp%2Fv2%2Ftags&post=3260"}],"curies":[{"name":"wp","href":"https:\/\/api.w.org\/{rel}","templated":true}]}}