{"id":3266,"date":"2020-07-26T15:32:00","date_gmt":"2020-07-26T14:32:00","guid":{"rendered":"https:\/\/covid360.unl.pt\/?p=3266"},"modified":"2020-07-31T15:39:17","modified_gmt":"2020-07-31T14:39:17","slug":"26-de-julho","status":"publish","type":"post","link":"https:\/\/covid360.unl.pt\/?p=3266","title":{"rendered":"26 de julho"},"content":{"rendered":"\n<div class=\"wp-container-1 wp-block-group\"><div class=\"wp-block-group__inner-container\">\n<p><img loading=\"lazy\" class=\"size-full wp-image-2068 alignleft\" src=\"https:\/\/covid360.unl.pt\/wp-content\/uploads\/2020\/03\/regresso_fct-1.jpg\" alt=\"\" width=\"300\" height=\"180\" \/>O Departamento de Qu\u00edmica da FCT NOVA (LAQV-REQUIMTE), em colabora\u00e7\u00e3o com a Universidade do Minho, mostra que a dexametasona pode atuar nas les\u00f5es pulmonares dos doentes mais graves com COVID-19<br \/><a href=\"https:\/\/www.dn.pt\/edicao-do-dia\/26-jul-2020\/estudo-portugues-da-nova-vida-a-velhos-farmacos-para-combater-a-covid-19-12463982.html\" target=\"_blank\" rel=\"noopener noreferrer\">Di\u00e1rio de Not\u00edcias<\/a> | <a href=\"https:\/\/www.mundoportugues.pt\/investigacoes-portuguesas-podem-vir-a-contribuir-para-o-tratamento-da-covid-19\/\" target=\"_blank\" rel=\"noopener noreferrer\">Mundo Portugu\u00eas<\/a><\/p>\n<\/div><\/div>\n\n\n\n<p><\/p>\n","protected":false},"excerpt":{"rendered":"<p>O Departamento de Qu\u00edmica da FCT NOVA (LAQV-REQUIMTE), em colabora\u00e7\u00e3o com a Universidade do Minho, mostra que a dexametasona pode atuar nas les\u00f5es pulmonares dos doentes mais graves com COVID-19Di\u00e1rio de Not\u00edcias | Mundo Portugu\u00eas<\/p>\n","protected":false},"author":4,"featured_media":0,"comment_status":"closed","ping_status":"open","sticky":false,"template":"","format":"standard","meta":[],"categories":[1],"tags":[],"_links":{"self":[{"href":"https:\/\/covid360.unl.pt\/index.php?rest_route=\/wp\/v2\/posts\/3266"}],"collection":[{"href":"https:\/\/covid360.unl.pt\/index.php?rest_route=\/wp\/v2\/posts"}],"about":[{"href":"https:\/\/covid360.unl.pt\/index.php?rest_route=\/wp\/v2\/types\/post"}],"author":[{"embeddable":true,"href":"https:\/\/covid360.unl.pt\/index.php?rest_route=\/wp\/v2\/users\/4"}],"replies":[{"embeddable":true,"href":"https:\/\/covid360.unl.pt\/index.php?rest_route=%2Fwp%2Fv2%2Fcomments&post=3266"}],"version-history":[{"count":1,"href":"https:\/\/covid360.unl.pt\/index.php?rest_route=\/wp\/v2\/posts\/3266\/revisions"}],"predecessor-version":[{"id":3267,"href":"https:\/\/covid360.unl.pt\/index.php?rest_route=\/wp\/v2\/posts\/3266\/revisions\/3267"}],"wp:attachment":[{"href":"https:\/\/covid360.unl.pt\/index.php?rest_route=%2Fwp%2Fv2%2Fmedia&parent=3266"}],"wp:term":[{"taxonomy":"category","embeddable":true,"href":"https:\/\/covid360.unl.pt\/index.php?rest_route=%2Fwp%2Fv2%2Fcategories&post=3266"},{"taxonomy":"post_tag","embeddable":true,"href":"https:\/\/covid360.unl.pt\/index.php?rest_route=%2Fwp%2Fv2%2Ftags&post=3266"}],"curies":[{"name":"wp","href":"https:\/\/api.w.org\/{rel}","templated":true}]}}