{"id":3293,"date":"2020-08-05T17:40:00","date_gmt":"2020-08-05T16:40:00","guid":{"rendered":"https:\/\/covid360.unl.pt\/?p=3293"},"modified":"2020-08-19T11:37:15","modified_gmt":"2020-08-19T10:37:15","slug":"5-de-agosto","status":"publish","type":"post","link":"https:\/\/covid360.unl.pt\/?p=3293","title":{"rendered":"5 de agosto"},"content":{"rendered":"<p><span style=\"background-color: initial; font-size: inherit;\"><img loading=\"lazy\" class=\"size-full wp-image-2787 alignleft\" src=\"https:\/\/covid360.unl.pt\/wp-content\/uploads\/2020\/07\/madeira_viagens_aviao_covid.jpg\" alt=\"\" width=\"300\" height=\"180\">A NOVA Medical School, atrav\u00e9s do CEDOC &#8211; Centro de Estudos de Doen\u00e7as Cr\u00f3nicas, d\u00e1 conta de j\u00e1 ter realizado 4000 testes de diagn\u00f3stico \u00e0 COVID-19 a passageiros com destino ao Arquip\u00e9lago da Madeira<\/span><a href=\"https:\/\/funchalnoticias.net\/2020\/08\/05\/cedoc-ja-realizou-4000-testes-no-continente-a-quem-quer-viajar-para-a-regiao\/\" target=\"_blank\" rel=\"noopener noreferrer\"><br>\nFunchal Not\u00edcias<\/a><\/p>\n\n\n<p class=\"has-text-color has-small-font-size has-cyan-bluish-gray-color\">Photo by Red Dot on Unsplash<\/p>\n","protected":false},"excerpt":{"rendered":"<p>A NOVA Medical School, atrav\u00e9s do CEDOC &#8211; Centro de Estudos de Doen\u00e7as Cr\u00f3nicas, d\u00e1 conta de j\u00e1 ter realizado 4000 testes de diagn\u00f3stico \u00e0 COVID-19 a passageiros com destino ao Arquip\u00e9lago da Madeira Funchal Not\u00edcias Photo by Red Dot on Unsplash<\/p>\n","protected":false},"author":4,"featured_media":0,"comment_status":"closed","ping_status":"open","sticky":false,"template":"","format":"standard","meta":[],"categories":[6],"tags":[],"_links":{"self":[{"href":"https:\/\/covid360.unl.pt\/index.php?rest_route=\/wp\/v2\/posts\/3293"}],"collection":[{"href":"https:\/\/covid360.unl.pt\/index.php?rest_route=\/wp\/v2\/posts"}],"about":[{"href":"https:\/\/covid360.unl.pt\/index.php?rest_route=\/wp\/v2\/types\/post"}],"author":[{"embeddable":true,"href":"https:\/\/covid360.unl.pt\/index.php?rest_route=\/wp\/v2\/users\/4"}],"replies":[{"embeddable":true,"href":"https:\/\/covid360.unl.pt\/index.php?rest_route=%2Fwp%2Fv2%2Fcomments&post=3293"}],"version-history":[{"count":2,"href":"https:\/\/covid360.unl.pt\/index.php?rest_route=\/wp\/v2\/posts\/3293\/revisions"}],"predecessor-version":[{"id":3319,"href":"https:\/\/covid360.unl.pt\/index.php?rest_route=\/wp\/v2\/posts\/3293\/revisions\/3319"}],"wp:attachment":[{"href":"https:\/\/covid360.unl.pt\/index.php?rest_route=%2Fwp%2Fv2%2Fmedia&parent=3293"}],"wp:term":[{"taxonomy":"category","embeddable":true,"href":"https:\/\/covid360.unl.pt\/index.php?rest_route=%2Fwp%2Fv2%2Fcategories&post=3293"},{"taxonomy":"post_tag","embeddable":true,"href":"https:\/\/covid360.unl.pt\/index.php?rest_route=%2Fwp%2Fv2%2Ftags&post=3293"}],"curies":[{"name":"wp","href":"https:\/\/api.w.org\/{rel}","templated":true}]}}