{"id":3340,"date":"2020-08-24T11:59:00","date_gmt":"2020-08-24T10:59:00","guid":{"rendered":"https:\/\/covid360.unl.pt\/?p=3340"},"modified":"2020-08-26T11:41:41","modified_gmt":"2020-08-26T10:41:41","slug":"24-de-agosto","status":"publish","type":"post","link":"https:\/\/covid360.unl.pt\/?p=3340","title":{"rendered":"24 de agosto"},"content":{"rendered":"<p>Professora Paula Lobato de Faria (ENSP-NOVA)<img loading=\"lazy\" class=\"size-full wp-image-1681 alignleft\" src=\"https:\/\/covid360.unl.pt\/wp-content\/uploads\/2020\/03\/vacina-bcg_covid.jpg\" alt=\"\" width=\"300\" height=\"180\"> \u00e9 uma das especialistas em Direito da Sa\u00fade que alerta para a necessidade do poder legislativo intervir na quest\u00e3o da obrigatoriedade da vacina para a COVID-19<br \/>\n<a href=\"https:\/\/www.publico.pt\/2020\/08\/24\/sociedade\/noticia\/vacinacao-covid19-so-obrigatoria-parlamento-aprovar-nova-lei-1928974\" target=\"_blank\" rel=\"noopener noreferrer\">P\u00fablico<\/a> | <a href=\"https:\/\/expresso.pt\/coronavirus\/2020-08-24-Vacina-para-a-covid-19-obrigatoria--Vai-ser-preciso-fazer-uma-lei-para-isso\" target=\"_blank\" rel=\"noopener noreferrer\">Expresso<\/a> | <a href=\"https:\/\/www.atlasdasaude.pt\/noticias\/vacina-pode-ser-obrigatoria-nao-ha-lei-portuguesa-que-permita-essa-imposicao\" target=\"_blank\" rel=\"noopener noreferrer\">Atlas da Sa\u00fade<\/a><\/p>\n<p><span style=\"color: #999999; font-size:13px;\"> Photo by National Cancer Institute on Unsplash<\/span><\/p>\n<p>&nbsp;<\/p>\n<p><img loading=\"lazy\" class=\"size-full wp-image-1021 alignleft\" src=\"https:\/\/covid360.unl.pt\/wp-content\/uploads\/2020\/03\/estatisticas-corona.jpg\" alt=\"\" width=\"300\" height=\"180\">Entrevista a Constantino Sakellarides, Professor Jubilado de Politicas de Sa\u00fade da ENSP-NOVA, sobre a COVID-19 em Portugal e a import\u00e2ncia da testagem<br \/>\n<a href=\"https:\/\/tvi24.iol.pt\/videos\/sociedade\/covid-19-o-risco-e-importante-mas-mais-importante-sao-as-nossas-aspiracoes\/5f442e820cf2dcf51aae1778\" target=\"_blank\" rel=\"noopener noreferrer\">TVI24<\/a><\/p>\n","protected":false},"excerpt":{"rendered":"<p>Professora Paula Lobato de Faria (ENSP-NOVA) \u00e9 uma das especialistas em Direito da Sa\u00fade que alerta para a necessidade do poder legislativo intervir na quest\u00e3o da obrigatoriedade da vacina para a COVID-19 P\u00fablico | Expresso | Atlas da Sa\u00fade Photo by National Cancer Institute on Unsplash &nbsp; Entrevista a Constantino Sakellarides, Professor Jubilado de Politicas &#8230; <a title=\"24 de agosto\" class=\"read-more\" href=\"https:\/\/covid360.unl.pt\/?p=3340\">Ler mais <span class=\"screen-reader-text\">24 de agosto<\/span><\/a><\/p>\n","protected":false},"author":4,"featured_media":0,"comment_status":"closed","ping_status":"open","sticky":false,"template":"","format":"standard","meta":[],"categories":[6],"tags":[],"_links":{"self":[{"href":"https:\/\/covid360.unl.pt\/index.php?rest_route=\/wp\/v2\/posts\/3340"}],"collection":[{"href":"https:\/\/covid360.unl.pt\/index.php?rest_route=\/wp\/v2\/posts"}],"about":[{"href":"https:\/\/covid360.unl.pt\/index.php?rest_route=\/wp\/v2\/types\/post"}],"author":[{"embeddable":true,"href":"https:\/\/covid360.unl.pt\/index.php?rest_route=\/wp\/v2\/users\/4"}],"replies":[{"embeddable":true,"href":"https:\/\/covid360.unl.pt\/index.php?rest_route=%2Fwp%2Fv2%2Fcomments&post=3340"}],"version-history":[{"count":15,"href":"https:\/\/covid360.unl.pt\/index.php?rest_route=\/wp\/v2\/posts\/3340\/revisions"}],"predecessor-version":[{"id":3368,"href":"https:\/\/covid360.unl.pt\/index.php?rest_route=\/wp\/v2\/posts\/3340\/revisions\/3368"}],"wp:attachment":[{"href":"https:\/\/covid360.unl.pt\/index.php?rest_route=%2Fwp%2Fv2%2Fmedia&parent=3340"}],"wp:term":[{"taxonomy":"category","embeddable":true,"href":"https:\/\/covid360.unl.pt\/index.php?rest_route=%2Fwp%2Fv2%2Fcategories&post=3340"},{"taxonomy":"post_tag","embeddable":true,"href":"https:\/\/covid360.unl.pt\/index.php?rest_route=%2Fwp%2Fv2%2Ftags&post=3340"}],"curies":[{"name":"wp","href":"https:\/\/api.w.org\/{rel}","templated":true}]}}