{"id":3363,"date":"2020-08-25T11:34:00","date_gmt":"2020-08-25T10:34:00","guid":{"rendered":"https:\/\/covid360.unl.pt\/?p=3363"},"modified":"2020-08-28T14:32:21","modified_gmt":"2020-08-28T13:32:21","slug":"25-de-agosto","status":"publish","type":"post","link":"https:\/\/covid360.unl.pt\/?p=3363","title":{"rendered":"25 de agosto"},"content":{"rendered":"<div>\n<img loading=\"lazy\" class=\"size-full wp-image-1295 alignleft\" src=\"https:\/\/covid360.unl.pt\/wp-content\/uploads\/2020\/03\/bloqueador_covid.jpg\" alt=\"\" width=\"300\" height=\"180\">O Virologista Celso Cunha (IHMT-NOVA) admite que podem surgir mais casos de reinfe\u00e7\u00e3o por Covid-19, uma vez que nos casos de outros v\u00edrus tamb\u00e9m \u00e9 comum haver reinfe\u00e7\u00f5es<br \/>\n<a href=\"https:\/\/www.tsf.pt\/portugal\/sociedade\/virologista-admite-que-podem-comecar-a-surgir-mais-casos-de-reinfecao-por-covid-19-12552411.html\" target=\"_blank\" rel=\"noopener noreferrer\">TSF<\/a><br \/>\n<span style=\"color: #999999; font-size: 13px;\"> Photo by CDC on Unsplash<\/span><\/div>\n<div style=\"clear: both;\"><\/div>\n<div><\/div>\n<div style=\" margin-top: 20px;\">\n<img loading=\"lazy\" class=\"size-full wp-image-3372 alignleft\" src=\"https:\/\/covid360.unl.pt\/wp-content\/uploads\/2020\/08\/tiago-correia-sic-25ago2020.jpg\" alt=\"\" width=\"300\" height=\"180\">An\u00e1lise de Tiago Correia, Investigador do IHMT-NOVA, \u00e0 pandemia de COVID-19, onde fala da probabilidade de reinfe\u00e7\u00f5es e da imunidade de grupo<br \/>\n<a href=\"https:\/\/sicnoticias.pt\/especiais\/coronavirus\/2020-08-25-Imunidade-ao-coronavirus--E-muito-cedo-para-perceber\" target=\"_blank\" rel=\"noopener noreferrer\">SIC Not\u00edcias<\/a> | <a href=\"https:\/\/executivedigest.sapo.pt\/covid-19-ainda-e-muito-cedo-para-perceber-a-duracao-da-imunidade-afirma-tiago-correia\/\" target=\"_blank\" rel=\"noopener noreferrer\">Executive Digest<\/a><br \/>\n<span style=\"color: #999999; font-size: 13px;\"> Photo on SIC Not\u00edcias<\/span><\/div>\n","protected":false},"excerpt":{"rendered":"<p>O Virologista Celso Cunha (IHMT-NOVA) admite que podem surgir mais casos de reinfe\u00e7\u00e3o por Covid-19, uma vez que nos casos de outros v\u00edrus tamb\u00e9m \u00e9 comum haver reinfe\u00e7\u00f5es TSF Photo by CDC on Unsplash An\u00e1lise de Tiago Correia, Investigador do IHMT-NOVA, \u00e0 pandemia de COVID-19, onde fala da probabilidade de reinfe\u00e7\u00f5es e da imunidade de &#8230; <a title=\"25 de agosto\" class=\"read-more\" href=\"https:\/\/covid360.unl.pt\/?p=3363\">Ler mais <span class=\"screen-reader-text\">25 de agosto<\/span><\/a><\/p>\n","protected":false},"author":4,"featured_media":0,"comment_status":"closed","ping_status":"open","sticky":false,"template":"","format":"standard","meta":[],"categories":[6],"tags":[],"_links":{"self":[{"href":"https:\/\/covid360.unl.pt\/index.php?rest_route=\/wp\/v2\/posts\/3363"}],"collection":[{"href":"https:\/\/covid360.unl.pt\/index.php?rest_route=\/wp\/v2\/posts"}],"about":[{"href":"https:\/\/covid360.unl.pt\/index.php?rest_route=\/wp\/v2\/types\/post"}],"author":[{"embeddable":true,"href":"https:\/\/covid360.unl.pt\/index.php?rest_route=\/wp\/v2\/users\/4"}],"replies":[{"embeddable":true,"href":"https:\/\/covid360.unl.pt\/index.php?rest_route=%2Fwp%2Fv2%2Fcomments&post=3363"}],"version-history":[{"count":18,"href":"https:\/\/covid360.unl.pt\/index.php?rest_route=\/wp\/v2\/posts\/3363\/revisions"}],"predecessor-version":[{"id":3487,"href":"https:\/\/covid360.unl.pt\/index.php?rest_route=\/wp\/v2\/posts\/3363\/revisions\/3487"}],"wp:attachment":[{"href":"https:\/\/covid360.unl.pt\/index.php?rest_route=%2Fwp%2Fv2%2Fmedia&parent=3363"}],"wp:term":[{"taxonomy":"category","embeddable":true,"href":"https:\/\/covid360.unl.pt\/index.php?rest_route=%2Fwp%2Fv2%2Fcategories&post=3363"},{"taxonomy":"post_tag","embeddable":true,"href":"https:\/\/covid360.unl.pt\/index.php?rest_route=%2Fwp%2Fv2%2Ftags&post=3363"}],"curies":[{"name":"wp","href":"https:\/\/api.w.org\/{rel}","templated":true}]}}