{"id":3396,"date":"2020-08-21T14:07:00","date_gmt":"2020-08-21T13:07:00","guid":{"rendered":"https:\/\/covid360.unl.pt\/?p=3396"},"modified":"2020-08-28T14:15:44","modified_gmt":"2020-08-28T13:15:44","slug":"21-de-agosto","status":"publish","type":"post","link":"https:\/\/covid360.unl.pt\/?p=3396","title":{"rendered":"21 de agosto"},"content":{"rendered":"<p><img loading=\"lazy\" class=\"size-full wp-image-1285 alignleft\" src=\"https:\/\/covid360.unl.pt\/wp-content\/uploads\/2020\/03\/testes_serologicos.jpg\" alt=\"\" width=\"300\" height=\"180\" \/>Na habitual discuss\u00e3o semanal do Gabinete de Crise na R\u00e1dio Observador, os Professores S\u00f3nia Dias (ENSP-NOVA) e Pedro Pita Barros (Nova SBE) comentam a vacina anunciada pela R\u00fassia e sobre se ser\u00e1 sobretudo um instrumento de propaganda, ou n\u00e3o<br data-rich-text-line-break=\"true\" \/><a href=\"https:\/\/observador.pt\/programas\/gabinete-de-crise\/vacina-propaganda-russa-cheira-a-mofo\/\" target=\"_blank\" rel=\"noreferrer noopener\" aria-label=\"Observador (abre num novo separador)\">Observador<\/a><\/p>\n","protected":false},"excerpt":{"rendered":"<p>Na habitual discuss\u00e3o semanal do Gabinete de Crise na R\u00e1dio Observador, os Professores S\u00f3nia Dias (ENSP-NOVA) e Pedro Pita Barros (Nova SBE) comentam a vacina anunciada pela R\u00fassia e sobre se ser\u00e1 sobretudo um instrumento de propaganda, ou n\u00e3oObservador<\/p>\n","protected":false},"author":4,"featured_media":0,"comment_status":"closed","ping_status":"open","sticky":false,"template":"","format":"standard","meta":[],"categories":[6],"tags":[],"_links":{"self":[{"href":"https:\/\/covid360.unl.pt\/index.php?rest_route=\/wp\/v2\/posts\/3396"}],"collection":[{"href":"https:\/\/covid360.unl.pt\/index.php?rest_route=\/wp\/v2\/posts"}],"about":[{"href":"https:\/\/covid360.unl.pt\/index.php?rest_route=\/wp\/v2\/types\/post"}],"author":[{"embeddable":true,"href":"https:\/\/covid360.unl.pt\/index.php?rest_route=\/wp\/v2\/users\/4"}],"replies":[{"embeddable":true,"href":"https:\/\/covid360.unl.pt\/index.php?rest_route=%2Fwp%2Fv2%2Fcomments&post=3396"}],"version-history":[{"count":2,"href":"https:\/\/covid360.unl.pt\/index.php?rest_route=\/wp\/v2\/posts\/3396\/revisions"}],"predecessor-version":[{"id":3399,"href":"https:\/\/covid360.unl.pt\/index.php?rest_route=\/wp\/v2\/posts\/3396\/revisions\/3399"}],"wp:attachment":[{"href":"https:\/\/covid360.unl.pt\/index.php?rest_route=%2Fwp%2Fv2%2Fmedia&parent=3396"}],"wp:term":[{"taxonomy":"category","embeddable":true,"href":"https:\/\/covid360.unl.pt\/index.php?rest_route=%2Fwp%2Fv2%2Fcategories&post=3396"},{"taxonomy":"post_tag","embeddable":true,"href":"https:\/\/covid360.unl.pt\/index.php?rest_route=%2Fwp%2Fv2%2Ftags&post=3396"}],"curies":[{"name":"wp","href":"https:\/\/api.w.org\/{rel}","templated":true}]}}