{"id":3402,"date":"2020-08-30T17:27:00","date_gmt":"2020-08-30T16:27:00","guid":{"rendered":"https:\/\/covid360.unl.pt\/?p=3402"},"modified":"2020-09-01T17:33:10","modified_gmt":"2020-09-01T16:33:10","slug":"30-de-agosto","status":"publish","type":"post","link":"https:\/\/covid360.unl.pt\/?p=3402","title":{"rendered":"30 de agosto"},"content":{"rendered":"<p><img loading=\"lazy\" class=\"size-full wp-image-2157 alignleft\" src=\"https:\/\/covid360.unl.pt\/wp-content\/uploads\/2020\/03\/resposta_sns_covid.jpg\" alt=\"\" width=\"300\" height=\"180\" \/>Os coment\u00e1rios de Celso Cunha (IHMT-NOVA) \u00e0s d\u00favidas sobre o impacto do SARS-CoV-2 nos diferentes \u00f3rg\u00e3os<br \/>\n<a href=\"https:\/\/poligrafo.sapo.pt\/fact-check\/o-novo-coronavirus-tambem-afeta-o-coracao-o-cerebro-e-outros-orgaos\" target=\"_blank\" rel=\"noopener noreferrer\">Sapo<\/a><\/p>\n","protected":false},"excerpt":{"rendered":"<p>Os coment\u00e1rios de Celso Cunha (IHMT-NOVA) \u00e0s d\u00favidas sobre o impacto do SARS-CoV-2 nos diferentes \u00f3rg\u00e3os Sapo<\/p>\n","protected":false},"author":4,"featured_media":0,"comment_status":"closed","ping_status":"open","sticky":false,"template":"","format":"standard","meta":[],"categories":[6],"tags":[],"_links":{"self":[{"href":"https:\/\/covid360.unl.pt\/index.php?rest_route=\/wp\/v2\/posts\/3402"}],"collection":[{"href":"https:\/\/covid360.unl.pt\/index.php?rest_route=\/wp\/v2\/posts"}],"about":[{"href":"https:\/\/covid360.unl.pt\/index.php?rest_route=\/wp\/v2\/types\/post"}],"author":[{"embeddable":true,"href":"https:\/\/covid360.unl.pt\/index.php?rest_route=\/wp\/v2\/users\/4"}],"replies":[{"embeddable":true,"href":"https:\/\/covid360.unl.pt\/index.php?rest_route=%2Fwp%2Fv2%2Fcomments&post=3402"}],"version-history":[{"count":1,"href":"https:\/\/covid360.unl.pt\/index.php?rest_route=\/wp\/v2\/posts\/3402\/revisions"}],"predecessor-version":[{"id":3403,"href":"https:\/\/covid360.unl.pt\/index.php?rest_route=\/wp\/v2\/posts\/3402\/revisions\/3403"}],"wp:attachment":[{"href":"https:\/\/covid360.unl.pt\/index.php?rest_route=%2Fwp%2Fv2%2Fmedia&parent=3402"}],"wp:term":[{"taxonomy":"category","embeddable":true,"href":"https:\/\/covid360.unl.pt\/index.php?rest_route=%2Fwp%2Fv2%2Fcategories&post=3402"},{"taxonomy":"post_tag","embeddable":true,"href":"https:\/\/covid360.unl.pt\/index.php?rest_route=%2Fwp%2Fv2%2Ftags&post=3402"}],"curies":[{"name":"wp","href":"https:\/\/api.w.org\/{rel}","templated":true}]}}