{"id":3404,"date":"2020-08-31T17:33:00","date_gmt":"2020-08-31T16:33:00","guid":{"rendered":"https:\/\/covid360.unl.pt\/?p=3404"},"modified":"2020-09-01T17:44:12","modified_gmt":"2020-09-01T16:44:12","slug":"31-de-agosto","status":"publish","type":"post","link":"https:\/\/covid360.unl.pt\/?p=3404","title":{"rendered":"31 de agosto"},"content":{"rendered":"<p><img loading=\"lazy\" class=\"size-full wp-image-3405 alignleft\" src=\"https:\/\/covid360.unl.pt\/wp-content\/uploads\/2020\/09\/filipe-froes-siscnoticias.jpg\" alt=\"\" width=\"300\" height=\"180\" \/>Filipe Froes, Investigador da ENSP-NOVA e coordenador do Gabinete de Crise Covid-19 da Ordem dos M\u00e9dicos, considera que a Festa do Avante! deveria ser fiscalizada por entidades independentes \u00e0 organiza\u00e7\u00e3o e que o Governo portugu\u00eas desperdi\u00e7ou o m\u00eas de agosto para combater a pandemia<br data-rich-text-line-break=\"true\" \/><a href=\"https:\/\/sicnoticias.pt\/especiais\/coronavirus\/2020-08-31-Governo-desperdicou-o-melhor-mes-para-combater-a-pandemia\" target=\"_blank\" rel=\"noreferrer noopener\" aria-label=\"SIC Not\u00edcias (abre num novo separador)\">SIC Not\u00edcias<\/a><\/p>\n","protected":false},"excerpt":{"rendered":"<p>Filipe Froes, Investigador da ENSP-NOVA e coordenador do Gabinete de Crise Covid-19 da Ordem dos M\u00e9dicos, considera que a Festa do Avante! deveria ser fiscalizada por entidades independentes \u00e0 organiza\u00e7\u00e3o e que o Governo portugu\u00eas desperdi\u00e7ou o m\u00eas de agosto para combater a pandemiaSIC Not\u00edcias<\/p>\n","protected":false},"author":4,"featured_media":0,"comment_status":"closed","ping_status":"open","sticky":false,"template":"","format":"standard","meta":[],"categories":[6],"tags":[],"_links":{"self":[{"href":"https:\/\/covid360.unl.pt\/index.php?rest_route=\/wp\/v2\/posts\/3404"}],"collection":[{"href":"https:\/\/covid360.unl.pt\/index.php?rest_route=\/wp\/v2\/posts"}],"about":[{"href":"https:\/\/covid360.unl.pt\/index.php?rest_route=\/wp\/v2\/types\/post"}],"author":[{"embeddable":true,"href":"https:\/\/covid360.unl.pt\/index.php?rest_route=\/wp\/v2\/users\/4"}],"replies":[{"embeddable":true,"href":"https:\/\/covid360.unl.pt\/index.php?rest_route=%2Fwp%2Fv2%2Fcomments&post=3404"}],"version-history":[{"count":1,"href":"https:\/\/covid360.unl.pt\/index.php?rest_route=\/wp\/v2\/posts\/3404\/revisions"}],"predecessor-version":[{"id":3406,"href":"https:\/\/covid360.unl.pt\/index.php?rest_route=\/wp\/v2\/posts\/3404\/revisions\/3406"}],"wp:attachment":[{"href":"https:\/\/covid360.unl.pt\/index.php?rest_route=%2Fwp%2Fv2%2Fmedia&parent=3404"}],"wp:term":[{"taxonomy":"category","embeddable":true,"href":"https:\/\/covid360.unl.pt\/index.php?rest_route=%2Fwp%2Fv2%2Fcategories&post=3404"},{"taxonomy":"post_tag","embeddable":true,"href":"https:\/\/covid360.unl.pt\/index.php?rest_route=%2Fwp%2Fv2%2Ftags&post=3404"}],"curies":[{"name":"wp","href":"https:\/\/api.w.org\/{rel}","templated":true}]}}