{"id":343,"date":"2020-04-01T15:10:46","date_gmt":"2020-04-01T15:10:46","guid":{"rendered":"http:\/\/covid360.unl.pt\/?p=343"},"modified":"2020-04-02T14:27:57","modified_gmt":"2020-04-02T14:27:57","slug":"doentes-cronicos-em-tempos-de-covid-19","status":"publish","type":"post","link":"https:\/\/covid360.unl.pt\/?p=343","title":{"rendered":"Doentes Cr\u00f3nicos em tempos de COVID-19"},"content":{"rendered":"\n<p class=\"has-small-font-size\"><em>1 abr 2020<\/em><\/p>\n\n\n<p><strong data-rich-text-format-boundary=\"true\"><img loading=\"lazy\" class=\"alignleft wp-image-585\" src=\"https:\/\/covid360.unl.pt\/wp-content\/uploads\/2020\/04\/Professor-Doutor-Jaime-Branco_redondo.png\" alt=\"\" width=\"200\" height=\"200\" srcset=\"https:\/\/covid360.unl.pt\/wp-content\/uploads\/2020\/04\/Professor-Doutor-Jaime-Branco_redondo.png 800w, https:\/\/covid360.unl.pt\/wp-content\/uploads\/2020\/04\/Professor-Doutor-Jaime-Branco_redondo-300x300.png 300w, https:\/\/covid360.unl.pt\/wp-content\/uploads\/2020\/04\/Professor-Doutor-Jaime-Branco_redondo-150x150.png 150w, https:\/\/covid360.unl.pt\/wp-content\/uploads\/2020\/04\/Professor-Doutor-Jaime-Branco_redondo-768x768.png 768w\" sizes=\"(max-width: 200px) 100vw, 200px\" \/><\/strong><\/p>\n<p><strong data-rich-text-format-boundary=\"true\">Jaime C. Branco<\/strong><br data-rich-text-line-break=\"true\" \/><em> M\u00e9dico Reumatologista <br data-rich-text-line-break=\"true\" \/>Professor Catedr\u00e1tico e Diretor da NOVA Medical School | Faculdade de Ci\u00eancias M\u00e9dicas da Universidade NOVA de Lisboa <\/em><\/p>\n\n\n<p>Pode parecer estranho e at\u00e9 um atrevimento que, perante esta\npandemia amea\u00e7adora, trai\u00e7oeira e medonha, algu\u00e9m, m\u00e9dico h\u00e1 mais de 40 anos,\nvenha falar de doen\u00e7as cr\u00f3nicas e das dificuldades e perigos que milh\u00f5es de pessoas\nv\u00e3o enfrentar nos pr\u00f3ximos tempos.<\/p>\n\n\n\n<!--more-->\n\n\n\n<p>As doen\u00e7as cr\u00f3nicas t\u00eam m\u00faltiplas causas, longa dura\u00e7\u00e3o e\nevolu\u00e7\u00e3o gradual e incerta. Exigem cuidados continuados mais ou menos complexos\ne, na maioria dos casos, n\u00e3o t\u00eam cura. Surgem, sobretudo, com o avan\u00e7ar da\nidade, sendo que mais de um ter\u00e7o das pessoas ap\u00f3s os 65 anos tem, pelo menos,\nduas doen\u00e7as cr\u00f3nicas. Falamos, por exemplo, de diabetes, hipertens\u00e3o, grande\nparte das doen\u00e7as cardio e c\u00e9rebro-vasculares, reum\u00e1ticas, respirat\u00f3rias,\nmentais, neurol\u00f3gicas, nefrol\u00f3gicas, oncol\u00f3gicas e de outros \u00f3rg\u00e3os e sistemas.<\/p>\n\n\n\n<p>Al\u00e9m de serem a principal causa de morte, estas doen\u00e7as\nrepresentam, nos pa\u00edses desenvolvidos e em desenvolvimento, um enorme impacto\nsocioecon\u00f3mico e um volume de despesa com a sa\u00fade de grande dimens\u00e3o. Estes\nelevad\u00edssimos gastos econ\u00f3micos resultam dos custos diretos e indiretos com\na(s) doen\u00e7a(s), do absentismo e das reformas antecipadas.<\/p>\n\n\n\n<p>As doen\u00e7as cr\u00f3nicas s\u00e3o respons\u00e1veis por mais de 80% da carga\nassistencial dos cuidados de sa\u00fade prim\u00e1rios, pela maioria dos internamentos\nhospitalares e por grande parte dos epis\u00f3dios de urg\u00eancia, sendo-lhes os\ncuidados continuados quase totalmente dedicados.<\/p>\n\n\n\n<p>Em condi\u00e7\u00f5es normais, o Servi\u00e7o Nacional de Sa\u00fade (SNS) e os\nsetores privado e social colocam a maioria dos seus recursos &#8211; humanos,\nf\u00edsicos, t\u00e9cnicos e financeiros \u2013 ao servi\u00e7o dos doentes cr\u00f3nicos. Hoje,\nmediante a crise pand\u00e9mica, a generalidade dos meios foi alocada ao combate\ndireto e indireto \u00e0 COVID-19. Se a aten\u00e7\u00e3o assistencial se centra agora, e bem,\nna luta contra este mal agudo, n\u00e3o sobra para atender \u00e0s doen\u00e7as cr\u00f3nicas como\n\u00e9 desej\u00e1vel e exig\u00edvel. Urge encontrar respostas.<\/p>\n\n\n\n<p>Desde logo, deveria ser criada uma outra linha da frente, com\nm\u00e9dicos e enfermeiros, para prevenir o agravamento das pessoas com doen\u00e7a\ncr\u00f3nica, a qual, centrada nos cuidados de sa\u00fade prim\u00e1rios, ativaria, sempre que\nnecess\u00e1rio, a liga\u00e7\u00e3o aos hospitais de refer\u00eancia de cada especialidade, por\nregi\u00e3o e\/ou localidade. <\/p>\n\n\n\n<p>Fazendo uso da tecnologia e das telecomunica\u00e7\u00f5es, cujo papel\ntem sido fundamental atualmente, o acompanhamento destes doentes tem de\ncontinuar a ser feito, mesmo quando n\u00e3o for poss\u00edvel a consulta presencial. E\naqui refiro-me tamb\u00e9m ao receitu\u00e1rio, que pode ser enviado atrav\u00e9s de um\ntelem\u00f3vel ou por correio.<\/p>\n\n\n\n<p>E por que n\u00e3o a cria\u00e7\u00e3o de uma linha telef\u00f3nica id\u00eantica \u00e0\nlinha SNS24, mas excluiva para portadores de doen\u00e7a cr\u00f3nica? Atrav\u00e9s dela seria\nposs\u00edvel esclarecer d\u00favidas e responder \u00e0s necessidades destes doentes. Para\nisso, poder\u00edamos contar com os alunos finalistas dos cursos de Medicina do pa\u00eds,\nque se t\u00eam voluntariado para apoiar o SNS neste combate \u00e0 COVID-19.<\/p>\n\n\n\n<p>Tamb\u00e9m a comunica\u00e7\u00e3o social poderia ter aqui um papel ativo\nna promo\u00e7\u00e3o de conte\u00fados que sensibilizem os doentes cr\u00f3nicos para a ado\u00e7\u00e3o de cuidados\nessenciais, ades\u00e3o \u00e0 terap\u00eautica e preven\u00e7\u00e3o de fatores de risco.\n\nS\u00f3 assim poderemos garantir que, ultrapassada a\npandemia, n\u00e3o nos deparamos com um outro pico de grande morbilidade e\nmortalidade, devido \u00e0 car\u00eancia assistencial dos nossos doentes cr\u00f3nicos. Num\nmomento de incertezas, preparar o futuro \u00e9 o grande trunfo que temos \u00e0 nossa\ndisposi\u00e7\u00e3o. \n\n\n\n<\/p>\n","protected":false},"excerpt":{"rendered":"<p>1 abr 2020 Jaime C. Branco M\u00e9dico Reumatologista Professor Catedr\u00e1tico e Diretor da NOVA Medical School | Faculdade de Ci\u00eancias M\u00e9dicas da Universidade NOVA de Lisboa Pode parecer estranho e at\u00e9 um atrevimento que, perante esta pandemia amea\u00e7adora, trai\u00e7oeira e medonha, algu\u00e9m, m\u00e9dico h\u00e1 mais de 40 anos, venha falar de doen\u00e7as cr\u00f3nicas e das &#8230; <a title=\"Doentes Cr\u00f3nicos em tempos de COVID-19\" class=\"read-more\" href=\"https:\/\/covid360.unl.pt\/?p=343\">Ler mais <span class=\"screen-reader-text\">Doentes Cr\u00f3nicos em tempos de COVID-19<\/span><\/a><\/p>\n","protected":false},"author":2,"featured_media":0,"comment_status":"closed","ping_status":"closed","sticky":false,"template":"","format":"standard","meta":[],"categories":[5],"tags":[],"_links":{"self":[{"href":"https:\/\/covid360.unl.pt\/index.php?rest_route=\/wp\/v2\/posts\/343"}],"collection":[{"href":"https:\/\/covid360.unl.pt\/index.php?rest_route=\/wp\/v2\/posts"}],"about":[{"href":"https:\/\/covid360.unl.pt\/index.php?rest_route=\/wp\/v2\/types\/post"}],"author":[{"embeddable":true,"href":"https:\/\/covid360.unl.pt\/index.php?rest_route=\/wp\/v2\/users\/2"}],"replies":[{"embeddable":true,"href":"https:\/\/covid360.unl.pt\/index.php?rest_route=%2Fwp%2Fv2%2Fcomments&post=343"}],"version-history":[{"count":13,"href":"https:\/\/covid360.unl.pt\/index.php?rest_route=\/wp\/v2\/posts\/343\/revisions"}],"predecessor-version":[{"id":660,"href":"https:\/\/covid360.unl.pt\/index.php?rest_route=\/wp\/v2\/posts\/343\/revisions\/660"}],"wp:attachment":[{"href":"https:\/\/covid360.unl.pt\/index.php?rest_route=%2Fwp%2Fv2%2Fmedia&parent=343"}],"wp:term":[{"taxonomy":"category","embeddable":true,"href":"https:\/\/covid360.unl.pt\/index.php?rest_route=%2Fwp%2Fv2%2Fcategories&post=343"},{"taxonomy":"post_tag","embeddable":true,"href":"https:\/\/covid360.unl.pt\/index.php?rest_route=%2Fwp%2Fv2%2Ftags&post=343"}],"curies":[{"name":"wp","href":"https:\/\/api.w.org\/{rel}","templated":true}]}}