{"id":3671,"date":"2020-11-10T11:10:00","date_gmt":"2020-11-10T11:10:00","guid":{"rendered":"https:\/\/covid360.unl.pt\/?p=3671"},"modified":"2020-11-16T16:33:59","modified_gmt":"2020-11-16T16:33:59","slug":"10-de-novembro","status":"publish","type":"post","link":"https:\/\/covid360.unl.pt\/?p=3671","title":{"rendered":"10 de novembro"},"content":{"rendered":"<p><img loading=\"lazy\" class=\"size-full wp-image-3672 alignleft\" src=\"https:\/\/covid360.unl.pt\/wp-content\/uploads\/2020\/11\/mufid-majnun-aNEaWqVoT0g-unsplash.jpg\" alt=\"\" width=\"300\" height=\"180\" \/>Investigadores da Escola Nacional de Sa\u00fade P\u00fablica defendem que devem ser alargados os crit\u00e9rios para testagem \u00e0 covid-19 aos sintomas ligeiros e que seja montada uma nova estrat\u00e9gia de comunica\u00e7\u00e3o para a popula\u00e7\u00e3o<br \/><a href=\"https:\/\/visao.sapo.pt\/visaosaude\/2020-11-10-covid-19-investigadores-portugueses-defendem-testes-alargados-a-sintomas-ligeiros\/\" target=\"_blank\" rel=\"noopener noreferrer\">Vis\u00e3o<\/a> | <a href=\"https:\/\/www.publico.pt\/2020\/11\/10\/sociedade\/noticia\/covid19-investigadores-querem-testes-alargados-dor-cabeca-obstrucao-nasal-1938723\" target=\"_blank\" rel=\"noopener noreferrer\">P\u00fablico<\/a> | <a href=\"https:\/\/observador.pt\/2020\/11\/10\/investigadores-portugueses-defendem-testes-alargados-a-sintomas-ligeiros\/\" target=\"_blank\" rel=\"noopener noreferrer\">Observador<\/a> | <a href=\"https:\/\/www.dn.pt\/pais\/investigadores-portugueses-defendem-testes-alargados-a-sintomas-ligeiros-13020694.html\" target=\"_blank\" rel=\"noopener noreferrer\">Di\u00e1rio de Not\u00edcias<\/a> | <a href=\"https:\/\/www.rtp.pt\/play\/p1467\/e505182\/entrevista-tarde-antena-1\" target=\"_blank\" rel=\"noopener noreferrer\">Antena 1<\/a><\/p>\n\n\n<p class=\"has-text-color has-small-font-size has-cyan-bluish-gray-color\">Photo by <a href=\"https:\/\/unsplash.com\/@mufidpwt?utm_source=unsplash&amp;utm_medium=referral&amp;utm_content=creditCopyText\">Mufid Majnun<\/a> on <a href=\"https:\/\/unsplash.com\/?utm_source=unsplash&amp;utm_medium=referral&amp;utm_content=creditCopyText\">Unsplash<\/a> <\/p>\n","protected":false},"excerpt":{"rendered":"<p>Investigadores da Escola Nacional de Sa\u00fade P\u00fablica defendem que devem ser alargados os crit\u00e9rios para testagem \u00e0 covid-19 aos sintomas ligeiros e que seja montada uma nova estrat\u00e9gia de comunica\u00e7\u00e3o para a popula\u00e7\u00e3oVis\u00e3o | P\u00fablico | Observador | Di\u00e1rio de Not\u00edcias | Antena 1 Photo by Mufid Majnun on Unsplash<\/p>\n","protected":false},"author":4,"featured_media":0,"comment_status":"closed","ping_status":"open","sticky":false,"template":"","format":"standard","meta":[],"categories":[6],"tags":[],"_links":{"self":[{"href":"https:\/\/covid360.unl.pt\/index.php?rest_route=\/wp\/v2\/posts\/3671"}],"collection":[{"href":"https:\/\/covid360.unl.pt\/index.php?rest_route=\/wp\/v2\/posts"}],"about":[{"href":"https:\/\/covid360.unl.pt\/index.php?rest_route=\/wp\/v2\/types\/post"}],"author":[{"embeddable":true,"href":"https:\/\/covid360.unl.pt\/index.php?rest_route=\/wp\/v2\/users\/4"}],"replies":[{"embeddable":true,"href":"https:\/\/covid360.unl.pt\/index.php?rest_route=%2Fwp%2Fv2%2Fcomments&post=3671"}],"version-history":[{"count":2,"href":"https:\/\/covid360.unl.pt\/index.php?rest_route=\/wp\/v2\/posts\/3671\/revisions"}],"predecessor-version":[{"id":3694,"href":"https:\/\/covid360.unl.pt\/index.php?rest_route=\/wp\/v2\/posts\/3671\/revisions\/3694"}],"wp:attachment":[{"href":"https:\/\/covid360.unl.pt\/index.php?rest_route=%2Fwp%2Fv2%2Fmedia&parent=3671"}],"wp:term":[{"taxonomy":"category","embeddable":true,"href":"https:\/\/covid360.unl.pt\/index.php?rest_route=%2Fwp%2Fv2%2Fcategories&post=3671"},{"taxonomy":"post_tag","embeddable":true,"href":"https:\/\/covid360.unl.pt\/index.php?rest_route=%2Fwp%2Fv2%2Ftags&post=3671"}],"curies":[{"name":"wp","href":"https:\/\/api.w.org\/{rel}","templated":true}]}}