{"id":3674,"date":"2020-11-11T11:26:56","date_gmt":"2020-11-11T11:26:56","guid":{"rendered":"https:\/\/covid360.unl.pt\/?p=3674"},"modified":"2020-11-11T11:59:24","modified_gmt":"2020-11-11T11:59:24","slug":"11-de-novembro","status":"publish","type":"post","link":"https:\/\/covid360.unl.pt\/?p=3674","title":{"rendered":"11 de novembro"},"content":{"rendered":"<p><img loading=\"lazy\" class=\"size-full wp-image-3675 alignleft\" src=\"https:\/\/covid360.unl.pt\/wp-content\/uploads\/2020\/11\/anastasiia-chepinska-OBmBHmrc3pw-unsplash.jpg\" alt=\"\" width=\"300\" height=\"180\">Coment\u00e1rios do economista e Professor da Nova SBE, Pedro Brinca,&nbsp;aos dados do Inqu\u00e9rito ao Emprego do INE, que apontam que a pandemia arrasou os segundos empregos<br><a href=\"https:\/\/www.dinheirovivo.pt\/economia\/nacional\/pandemia-arrasou-os-segundos-empregos-13021746.html\" target=\"_blank\" rel=\"noopener noreferrer\">Dinheiro Vivo<\/a> | <a href=\"https:\/\/www.jn.pt\/economia\/pandemia-arrasou-com-os-segundos-empregos--13022090.html\" target=\"_blank\" rel=\"noopener noreferrer\">Jornal de Not\u00edcias<\/a><\/p>\n\n\n<p class=\"has-text-color has-small-font-size has-cyan-bluish-gray-color\">Photo by <a href=\"https:\/\/unsplash.com\/@anastasiiachepinska?utm_source=unsplash&amp;utm_medium=referral&amp;utm_content=creditCopyText\">Anastasiia Chepinska<\/a> on <a href=\"https:\/\/unsplash.com\/?utm_source=unsplash&amp;utm_medium=referral&amp;utm_content=creditCopyText\">Unsplash<\/a> <\/p>\n\n\n\n<hr class=\"wp-block-separator is-style-wide\"\/>\n\n\n<p><em> <img loading=\"lazy\" class=\"size-full wp-image-3684 alignleft\" src=\"https:\/\/covid360.unl.pt\/wp-content\/uploads\/2020\/11\/annie-spratt-PgqRIIibIgQ-unsplash.jpg\" alt=\"\" width=\"300\" height=\"180\" \/>&#8220;N\u00f3s nunca poderemos ter um Natal normal&#8221;<\/em>, alerta o Professor Tiago Correia (IHMT-NOVA) ao analisar a resposta \u00e0 pandemia de covid-19 em Portugal<br \/><a href=\"https:\/\/tvi24.iol.pt\/amp\/videos\/sociedade\/covid-19-nos-nunca-poderemos-ter-um-natal-normal\/5fab12560cf2c785554f92f6\" target=\"_blank\" rel=\"noopener noreferrer\">TVI24<\/a><\/p>\n\n\n<p class=\"has-text-color has-small-font-size has-cyan-bluish-gray-color\">Photo by <a href=\"https:\/\/unsplash.com\/@anniespratt?utm_source=unsplash&amp;utm_medium=referral&amp;utm_content=creditCopyText\">Annie Spratt<\/a> on <a href=\"https:\/\/unsplash.com\/?utm_source=unsplash&amp;utm_medium=referral&amp;utm_content=creditCopyText\">Unsplash<\/a> <\/p>\n","protected":false},"excerpt":{"rendered":"<p>Coment\u00e1rios do economista e Professor da Nova SBE, Pedro Brinca,&nbsp;aos dados do Inqu\u00e9rito ao Emprego do INE, que apontam que a pandemia arrasou os segundos empregosDinheiro Vivo | Jornal de Not\u00edcias Photo by Anastasiia Chepinska on Unsplash &#8220;N\u00f3s nunca poderemos ter um Natal normal&#8221;, alerta o Professor Tiago Correia (IHMT-NOVA) ao analisar a resposta \u00e0 &#8230; <a title=\"11 de novembro\" class=\"read-more\" href=\"https:\/\/covid360.unl.pt\/?p=3674\">Ler mais <span class=\"screen-reader-text\">11 de novembro<\/span><\/a><\/p>\n","protected":false},"author":4,"featured_media":0,"comment_status":"closed","ping_status":"open","sticky":false,"template":"","format":"standard","meta":[],"categories":[6],"tags":[],"_links":{"self":[{"href":"https:\/\/covid360.unl.pt\/index.php?rest_route=\/wp\/v2\/posts\/3674"}],"collection":[{"href":"https:\/\/covid360.unl.pt\/index.php?rest_route=\/wp\/v2\/posts"}],"about":[{"href":"https:\/\/covid360.unl.pt\/index.php?rest_route=\/wp\/v2\/types\/post"}],"author":[{"embeddable":true,"href":"https:\/\/covid360.unl.pt\/index.php?rest_route=\/wp\/v2\/users\/4"}],"replies":[{"embeddable":true,"href":"https:\/\/covid360.unl.pt\/index.php?rest_route=%2Fwp%2Fv2%2Fcomments&post=3674"}],"version-history":[{"count":2,"href":"https:\/\/covid360.unl.pt\/index.php?rest_route=\/wp\/v2\/posts\/3674\/revisions"}],"predecessor-version":[{"id":3685,"href":"https:\/\/covid360.unl.pt\/index.php?rest_route=\/wp\/v2\/posts\/3674\/revisions\/3685"}],"wp:attachment":[{"href":"https:\/\/covid360.unl.pt\/index.php?rest_route=%2Fwp%2Fv2%2Fmedia&parent=3674"}],"wp:term":[{"taxonomy":"category","embeddable":true,"href":"https:\/\/covid360.unl.pt\/index.php?rest_route=%2Fwp%2Fv2%2Fcategories&post=3674"},{"taxonomy":"post_tag","embeddable":true,"href":"https:\/\/covid360.unl.pt\/index.php?rest_route=%2Fwp%2Fv2%2Ftags&post=3674"}],"curies":[{"name":"wp","href":"https:\/\/api.w.org\/{rel}","templated":true}]}}