{"id":3677,"date":"2020-11-07T11:29:00","date_gmt":"2020-11-07T11:29:00","guid":{"rendered":"https:\/\/covid360.unl.pt\/?p=3677"},"modified":"2020-11-11T11:34:43","modified_gmt":"2020-11-11T11:34:43","slug":"7-de-novembro","status":"publish","type":"post","link":"https:\/\/covid360.unl.pt\/?p=3677","title":{"rendered":"7 de novembro"},"content":{"rendered":"<p><img loading=\"lazy\" class=\"size-full wp-image-1466 alignleft\" src=\"https:\/\/covid360.unl.pt\/wp-content\/uploads\/2020\/03\/portuguese_saude.jpg\" alt=\"\" width=\"300\" height=\"180\" \/>Estudo europeu que juntou investigadores da Nova SBE, da Universidade de Hamburgo (Alemanha), da Rotterdam Erasmus University (Pa\u00edses Baixos) e da Bocconi University (It\u00e1lia), indica que os portugueses est\u00e3o menos confiantes na vacina COVID-19, not\u00edcias e Governo<br \/>\n<a href=\"https:\/\/www.publico.pt\/2020\/11\/07\/sociedade\/noticia\/covid19-menos-portugueses-querem-vacinados-terco-hesita-recusa-1938279\" target=\"_blank\" rel=\"noopener noreferrer\">P\u00fablico<\/a> | <a href=\"https:\/\/observador.pt\/2020\/11\/07\/portugueses-menos-confiantes-nas-vacinas-noticias-e-governo-segundo-inquerito\/\" target=\"_blank\" rel=\"noopener noreferrer\">Observador<\/a> | <a href=\"https:\/\/jornaleconomico.sapo.pt\/noticias\/inquerito-europeu-revela-que-os-portugueses-estao-menos-confiantes-nas-vacinas-noticias-e-governo-660828\" target=\"_blank\" rel=\"noopener noreferrer\">Jornal Econ\u00f3mico<\/a><\/p>\n","protected":false},"excerpt":{"rendered":"<p>Estudo europeu que juntou investigadores da Nova SBE, da Universidade de Hamburgo (Alemanha), da Rotterdam Erasmus University (Pa\u00edses Baixos) e da Bocconi University (It\u00e1lia), indica que os portugueses est\u00e3o menos confiantes na vacina COVID-19, not\u00edcias e Governo P\u00fablico | Observador | Jornal Econ\u00f3mico<\/p>\n","protected":false},"author":4,"featured_media":0,"comment_status":"closed","ping_status":"open","sticky":false,"template":"","format":"standard","meta":[],"categories":[6],"tags":[],"_links":{"self":[{"href":"https:\/\/covid360.unl.pt\/index.php?rest_route=\/wp\/v2\/posts\/3677"}],"collection":[{"href":"https:\/\/covid360.unl.pt\/index.php?rest_route=\/wp\/v2\/posts"}],"about":[{"href":"https:\/\/covid360.unl.pt\/index.php?rest_route=\/wp\/v2\/types\/post"}],"author":[{"embeddable":true,"href":"https:\/\/covid360.unl.pt\/index.php?rest_route=\/wp\/v2\/users\/4"}],"replies":[{"embeddable":true,"href":"https:\/\/covid360.unl.pt\/index.php?rest_route=%2Fwp%2Fv2%2Fcomments&post=3677"}],"version-history":[{"count":1,"href":"https:\/\/covid360.unl.pt\/index.php?rest_route=\/wp\/v2\/posts\/3677\/revisions"}],"predecessor-version":[{"id":3678,"href":"https:\/\/covid360.unl.pt\/index.php?rest_route=\/wp\/v2\/posts\/3677\/revisions\/3678"}],"wp:attachment":[{"href":"https:\/\/covid360.unl.pt\/index.php?rest_route=%2Fwp%2Fv2%2Fmedia&parent=3677"}],"wp:term":[{"taxonomy":"category","embeddable":true,"href":"https:\/\/covid360.unl.pt\/index.php?rest_route=%2Fwp%2Fv2%2Fcategories&post=3677"},{"taxonomy":"post_tag","embeddable":true,"href":"https:\/\/covid360.unl.pt\/index.php?rest_route=%2Fwp%2Fv2%2Ftags&post=3677"}],"curies":[{"name":"wp","href":"https:\/\/api.w.org\/{rel}","templated":true}]}}