{"id":387,"date":"2020-04-01T15:59:34","date_gmt":"2020-04-01T15:59:34","guid":{"rendered":"http:\/\/covid360.unl.pt\/?p=387"},"modified":"2020-04-02T15:29:57","modified_gmt":"2020-04-02T15:29:57","slug":"10-de-marco-de-2020-universidade-nova-de-lisboa-mantem-medidas-de-contingencia","status":"publish","type":"post","link":"https:\/\/covid360.unl.pt\/?p=387","title":{"rendered":"10 de mar\u00e7o de 2020"},"content":{"rendered":"\n<h3><strong>Universidade NOVA de Lisboa mant\u00e9m medidas de conting\u00eancia<\/strong><\/h3>\n\n\n\n<p>A Universidade NOVA de Lisboa, ap\u00f3s reuni\u00e3o do Conselho de Reitores das Universidades Portuguesas (CRUP), que decorreu a 10 de mar\u00e7o de 2020, e seguindo as recomenda\u00e7\u00f5es das autoridades de sa\u00fade, a quem compete a decis\u00e3o de suspens\u00e3o de atividades e ou encerramento de espa\u00e7os de utiliza\u00e7\u00e3o comum, decidiu manter as medidas de conting\u00eancia de combate \u00e0 COVID-19 implementadas a 9 de mar\u00e7o de 2020.<\/p>\n\n\n\n<!--more-->\n\n\n\n<p>Ao manter as medidas de conting\u00eancia, a NOVA est\u00e1 a seguir as orienta\u00e7\u00f5es das autoridades de sa\u00fade, aguardando qualquer nova indica\u00e7\u00e3o que possa resultar da reuni\u00e3o entre o Governo e o Conselho Nacional de Sa\u00fade P\u00fablica, agendada para amanh\u00e3, dia 11 de mar\u00e7o de 2020.<\/p>\n\n\n\n<p>A NOVA est\u00e1 a acompanhar em perman\u00eancia e com a m\u00e1xima aten\u00e7\u00e3o o evoluir da epidemia. Sem alarmismos, o contributo individual, na observ\u00e2ncia das recomenda\u00e7\u00f5es e medidas preventivas, \u00e9 fundamental para a obten\u00e7\u00e3o dos resultados pretendidos e para a supera\u00e7\u00e3o deste desafio comunit\u00e1rio.<\/p>\n\n\n\n<p>A principal preocupa\u00e7\u00e3o da NOVA \u00e9 a seguran\u00e7a da sua Comunidade Acad\u00e9mica, sendo, por isso, fundamental minimizar o risco de cont\u00e1gio. A NOVA recorda as medidas de conting\u00eancia implementadas e seguidas por todas as suas Unidades Org\u00e2nicas, que, naturalmente, s\u00e3o ajustadas \u00e0 evolu\u00e7\u00e3o da situa\u00e7\u00e3o e \u00e0s especificidades de cada uma, procurando assegurar, dentro do poss\u00edvel, a atividade da Universidade:<\/p>\n\n\n\n<p>Manter as medidas do Plano de Conting\u00eancia previamente aprovado para a NOVA;<br>\nRefor\u00e7ar todas as medidas profil\u00e1ticas relativamente \u00e0 COVID 19: evic\u00e7\u00e3o de contacto, lavagem frequente de m\u00e3os e superf\u00edcies;<br>\nSuspender reuni\u00f5es cient\u00edficas p\u00fablicas na NOVA com mais de 50 pessoas e com participantes provenientes do estrangeiro;<br>\nSuspender quaisquer eventos p\u00fablicos n\u00e3o cient\u00edficos no per\u00edmetro da Universidade;<br>\nSuspender o ensino pr\u00e1tico cl\u00ednico da Medicina que leve alunos aos hospitais;<br>\nIniciar a substitui\u00e7\u00e3o das aulas (te\u00f3ricas e pr\u00e1ticas), sempre que poss\u00edvel, por conte\u00fados e-learning;<br>\nMinimizar as viagens ao estrangeiro, que, caso tenham ocorrido para as zonas consideradas de risco, implicam quarentena social de 14 dias;<br>\nManter, por agora, o trabalho nos Laborat\u00f3rios, usando e refor\u00e7ando escrupulosamente as medidas de profilaxia expl\u00edcitas no Plano de Conting\u00eancia;<br>\nReduzir o pessoal de apoio presente na Universidade e nas Unidades Org\u00e2nicas, promovendo o trabalho a partir de casa;<br>\nEliminar o controlo biom\u00e9trico;<br>\nReduzir a frequ\u00eancia de pessoas em cantinas e resid\u00eancias ao m\u00ednimo poss\u00edvel, apelando aos alunos para que o fa\u00e7am.<br>\nDevidamente articulada com as autoridades de sa\u00fade, a NOVA est\u00e1 atenta e vigilante ao evoluir da situa\u00e7\u00e3o no pa\u00eds, avaliando os riscos em cada momento, atualizando regularmente a informa\u00e7\u00e3o e adequando as medidas de resposta necess\u00e1rias.<\/p>\n","protected":false},"excerpt":{"rendered":"<p>Universidade NOVA de Lisboa mant\u00e9m medidas de conting\u00eancia A Universidade NOVA de Lisboa, ap\u00f3s reuni\u00e3o do Conselho de Reitores das Universidades Portuguesas (CRUP), que decorreu a 10 de mar\u00e7o de 2020, e seguindo as recomenda\u00e7\u00f5es das autoridades de sa\u00fade, a quem compete a decis\u00e3o de suspens\u00e3o de atividades e ou encerramento de espa\u00e7os de utiliza\u00e7\u00e3o &#8230; <a title=\"10 de mar\u00e7o de 2020\" class=\"read-more\" href=\"https:\/\/covid360.unl.pt\/?p=387\">Ler mais <span class=\"screen-reader-text\">10 de mar\u00e7o de 2020<\/span><\/a><\/p>\n","protected":false},"author":4,"featured_media":0,"comment_status":"closed","ping_status":"closed","sticky":false,"template":"","format":"standard","meta":[],"categories":[9],"tags":[],"_links":{"self":[{"href":"https:\/\/covid360.unl.pt\/index.php?rest_route=\/wp\/v2\/posts\/387"}],"collection":[{"href":"https:\/\/covid360.unl.pt\/index.php?rest_route=\/wp\/v2\/posts"}],"about":[{"href":"https:\/\/covid360.unl.pt\/index.php?rest_route=\/wp\/v2\/types\/post"}],"author":[{"embeddable":true,"href":"https:\/\/covid360.unl.pt\/index.php?rest_route=\/wp\/v2\/users\/4"}],"replies":[{"embeddable":true,"href":"https:\/\/covid360.unl.pt\/index.php?rest_route=%2Fwp%2Fv2%2Fcomments&post=387"}],"version-history":[{"count":5,"href":"https:\/\/covid360.unl.pt\/index.php?rest_route=\/wp\/v2\/posts\/387\/revisions"}],"predecessor-version":[{"id":697,"href":"https:\/\/covid360.unl.pt\/index.php?rest_route=\/wp\/v2\/posts\/387\/revisions\/697"}],"wp:attachment":[{"href":"https:\/\/covid360.unl.pt\/index.php?rest_route=%2Fwp%2Fv2%2Fmedia&parent=387"}],"wp:term":[{"taxonomy":"category","embeddable":true,"href":"https:\/\/covid360.unl.pt\/index.php?rest_route=%2Fwp%2Fv2%2Fcategories&post=387"},{"taxonomy":"post_tag","embeddable":true,"href":"https:\/\/covid360.unl.pt\/index.php?rest_route=%2Fwp%2Fv2%2Ftags&post=387"}],"curies":[{"name":"wp","href":"https:\/\/api.w.org\/{rel}","templated":true}]}}