{"id":395,"date":"2020-04-01T16:06:29","date_gmt":"2020-04-01T16:06:29","guid":{"rendered":"http:\/\/covid360.unl.pt\/?p=395"},"modified":"2020-04-02T15:32:24","modified_gmt":"2020-04-02T15:32:24","slug":"11-de-marco-de-2020","status":"publish","type":"post","link":"https:\/\/covid360.unl.pt\/?p=395","title":{"rendered":"11 de mar\u00e7o de 2020"},"content":{"rendered":"\n<h3><strong>Universidade NOVA de Lisboa suspende aulas presenciais<\/strong><\/h3>\n\n\n\n<p>No dia em que a Organiza\u00e7\u00e3o Mundial de Sa\u00fade declarou a COVID-19 pandemia, a Universidade NOVA de Lisboa decidiu, a partir da pr\u00f3xima segunda-feira, dia 16 de mar\u00e7o de 2020, suspender todas as aulas presenciais que ainda n\u00e3o tenham sido substitu\u00eddas pelo ensino atrav\u00e9s de plataformas digitais, encerrando tamb\u00e9m bibliotecas e salas de estudo.<\/p>\n\n\n\n<!--more-->\n\n\n\n<p>Informa\u00e7\u00f5es mais detalhadas sobre o processo de adapta\u00e7\u00e3o em curso ser\u00e3o prestadas pelas pr\u00f3prias Faculdades\/ Institutos\/ Escola.<\/p>\n\n\n\n<p>N\u00e3o ocorrendo qualquer novo desenvolvimento, a situa\u00e7\u00e3o ser\u00e1 reavaliada pela Universidade no dia 13 de abril 2020. A NOVA est\u00e1 a acompanhar em perman\u00eancia e com a m\u00e1xima aten\u00e7\u00e3o o evoluir da pandemia. A decis\u00e3o visa reduzir os riscos de cont\u00e1gio e salvaguardar a seguran\u00e7a da comunidade da NOVA, sendo tomada em alinhamento com as recomenda\u00e7\u00f5es das autoridades de sa\u00fade, a quem compete decidir quais as medidas a implementar a cada momento.<\/p>\n\n\n\n<p>Atenta e vigilante ao evoluir da situa\u00e7\u00e3o no pa\u00eds, a NOVA atualizar\u00e1 regularmente a informa\u00e7\u00e3o, adequando as medidas de resposta necess\u00e1rias ao combate da pandemia.<\/p>\n\n\n\n<p>A principal preocupa\u00e7\u00e3o da NOVA \u00e9 a seguran\u00e7a da sua comunidade acad\u00e9mica.<\/p>\n","protected":false},"excerpt":{"rendered":"<p>Universidade NOVA de Lisboa suspende aulas presenciais No dia em que a Organiza\u00e7\u00e3o Mundial de Sa\u00fade declarou a COVID-19 pandemia, a Universidade NOVA de Lisboa decidiu, a partir da pr\u00f3xima segunda-feira, dia 16 de mar\u00e7o de 2020, suspender todas as aulas presenciais que ainda n\u00e3o tenham sido substitu\u00eddas pelo ensino atrav\u00e9s de plataformas digitais, encerrando &#8230; <a title=\"11 de mar\u00e7o de 2020\" class=\"read-more\" href=\"https:\/\/covid360.unl.pt\/?p=395\">Ler mais <span class=\"screen-reader-text\">11 de mar\u00e7o de 2020<\/span><\/a><\/p>\n","protected":false},"author":4,"featured_media":0,"comment_status":"closed","ping_status":"closed","sticky":false,"template":"","format":"standard","meta":[],"categories":[9],"tags":[],"_links":{"self":[{"href":"https:\/\/covid360.unl.pt\/index.php?rest_route=\/wp\/v2\/posts\/395"}],"collection":[{"href":"https:\/\/covid360.unl.pt\/index.php?rest_route=\/wp\/v2\/posts"}],"about":[{"href":"https:\/\/covid360.unl.pt\/index.php?rest_route=\/wp\/v2\/types\/post"}],"author":[{"embeddable":true,"href":"https:\/\/covid360.unl.pt\/index.php?rest_route=\/wp\/v2\/users\/4"}],"replies":[{"embeddable":true,"href":"https:\/\/covid360.unl.pt\/index.php?rest_route=%2Fwp%2Fv2%2Fcomments&post=395"}],"version-history":[{"count":6,"href":"https:\/\/covid360.unl.pt\/index.php?rest_route=\/wp\/v2\/posts\/395\/revisions"}],"predecessor-version":[{"id":701,"href":"https:\/\/covid360.unl.pt\/index.php?rest_route=\/wp\/v2\/posts\/395\/revisions\/701"}],"wp:attachment":[{"href":"https:\/\/covid360.unl.pt\/index.php?rest_route=%2Fwp%2Fv2%2Fmedia&parent=395"}],"wp:term":[{"taxonomy":"category","embeddable":true,"href":"https:\/\/covid360.unl.pt\/index.php?rest_route=%2Fwp%2Fv2%2Fcategories&post=395"},{"taxonomy":"post_tag","embeddable":true,"href":"https:\/\/covid360.unl.pt\/index.php?rest_route=%2Fwp%2Fv2%2Ftags&post=395"}],"curies":[{"name":"wp","href":"https:\/\/api.w.org\/{rel}","templated":true}]}}