{"id":402,"date":"2020-04-01T16:13:18","date_gmt":"2020-04-01T16:13:18","guid":{"rendered":"http:\/\/covid360.unl.pt\/?p=402"},"modified":"2020-04-02T15:32:47","modified_gmt":"2020-04-02T15:32:47","slug":"13-de-marco-de-2020","status":"publish","type":"post","link":"https:\/\/covid360.unl.pt\/?p=402","title":{"rendered":"13 de mar\u00e7o de 2020"},"content":{"rendered":"\n<h3><strong>Nova SBE e NOVA IMS com instala\u00e7\u00f5es encerradas <\/strong><\/h3>\n\n\n\n<p><strong>Membro da comunidade estudantil da NOVA IMS com resultado positivo no teste \u00e0 COVID-19 &#8211; Escola encontra-se encerrada<\/strong><\/p>\n\n\n\n<p>A NOVA Information Management School (NOVA IMS) teve hoje, dia 13 de mar\u00e7o de 2020, conhecimento de um resultado positivo ao teste \u00e0 COVID-19. Trata-se de um membro da comunidade estudantil da NOVA IMS, de nacionalidade portuguesa, que, depois de um per\u00edodo de f\u00e9rias no estrangeiro, regressou a Portugal no fim do m\u00eas de fevereiro, proveniente de um pa\u00eds ent\u00e3o ainda n\u00e3o referenciado como \u00e1rea de transmiss\u00e3o ativa do v\u00edrus. Este membro da comunidade estudantil est\u00e1 em quarentena.<\/p>\n\n\n\n<!--more-->\n\n\n\n<p>Foi acionado de imediato o Plano de Conting\u00eancia da Universidade NOVA de Lisboa para o combate \u00e0 COVID-19. Nos termos desse Plano e de acordo com as orienta\u00e7\u00f5es das autoridades de sa\u00fade, as instala\u00e7\u00f5es da NOVA IMS e o Col\u00e9gio Almada Negreiros, no Campus de Campolide, em Lisboa, foram encerradas. Aguarda-se a aplica\u00e7\u00e3o das medidas de conting\u00eancia subsequentes que venham a ser determinadas pelas autoridades competentes.<\/p>\n\n\n\n<p>Foram identificadas as pessoas que tiveram contacto pr\u00f3ximo e que conviveram no ambiente escolar com aquele membro da comunidade estudantil da NOVA IMS, as quais foram contactadas de imediato para que tomassem as medidas de conten\u00e7\u00e3o previstas pelas autoridades de sa\u00fade.<\/p>\n\n\n\n<p>Todos os membros da comunidade foram j\u00e1 devidamente informados via email desta situa\u00e7\u00e3o e do encerramento das instala\u00e7\u00f5es. Foi-lhes pedido que n\u00e3o se desloquem \u00e0s instala\u00e7\u00f5es da NOVA IMS nem ao Col\u00e9gio Almada Negreiros, no Campus de Campolide, em Lisboa, e que aguardem novas informa\u00e7\u00f5es.<\/p>\n\n\n\n<p>As atividades letivas da NOVA IMS continuam a funcionar sob a forma de ensino \u00e0 dist\u00e2ncia a partir da pr\u00f3xima segunda-feira, dia 16 de mar\u00e7o de 2020, tal como tinha sido j\u00e1 decidido pela Universidade NOVA de Lisboa no dia 11 mar\u00e7o e que foi ontem, dia 12 de mar\u00e7o, recomendado pelo Governo portugu\u00eas.<\/p>\n\n\n\n<p>A Universidade NOVA de Lisboa e a NOVA IMS exortam, neste per\u00edodo dif\u00edcil e incerto, todos os membros das suas diversas comunidades ao respeito de cada um pelas normas recomendadas pelas autoridades de sa\u00fade e pelas constantes no Plano de Conting\u00eancia da NOVA para o combate \u00e0 COVID-19, pedindo que continuem a cumprir essas recomenda\u00e7\u00f5es, nomeadamente as regras mais restritivas apresentadas pelo Conselho de Ministros na noite passada.<\/p>\n\n\n\n<p><strong>Membro da comunidade estudantil da Nova SBE com resultado positivo no teste \u00e0 COVID-19 &#8211;  instala\u00e7\u00f5es da faculdade encontram-se encerradas<\/strong><\/p>\n\n\n\n<p>A Nova SBE teve conhecimento esta noite da exist\u00eancia de um resultado positivo ao teste \u00e0 COVID-19. Trata-se de um membro da comunidade estudantil da Nova SBE, de nacionalidade portuguesa, que, depois de um per\u00edodo de f\u00e9rias no estrangeiro, regressou a Portugal no in\u00edcio deste m\u00eas, proveniente de um pa\u00eds ent\u00e3o ainda n\u00e3o referenciado como \u00e1rea de transmiss\u00e3o ativa do v\u00edrus. Este membro da comunidade estudantil est\u00e1, at\u00e9 agora, assintom\u00e1tico e mant\u00e9m-se em quarentena.<\/p>\n\n\n\n<p>Foi acionado de imediato o Plano de Conting\u00eancia da Universidade NOVA de Lisboa para o combate \u00e0 COVID-19. Nos termos desse Plano e de acordo com as orienta\u00e7\u00f5es das autoridades de sa\u00fade, as instala\u00e7\u00f5es de todo o Campus de Carcavelos foram encerradas ainda durante a noite e n\u00e3o ir\u00e3o abrir hoje. Aguarda-se a aplica\u00e7\u00e3o das medidas de conting\u00eancia subsequentes que venham a ser determinadas pelas autoridades competentes.<\/p>\n\n\n\n<p>Est\u00e3o a ser identificadas as pessoas que tiveram contacto pr\u00f3ximo e que conviveram no ambiente escolar com aquele membro da comunidade estudantil da Nova SBE, as quais est\u00e3o a ser contactadas de imediato para que tomem as medidas de conten\u00e7\u00e3o previstas pelas autoridades de sa\u00fade.<\/p>\n\n\n\n<p>Todos os membros da comunidade foram j\u00e1 devidamente informados via email desta situa\u00e7\u00e3o e do encerramento do Campus. Foi-lhes pedido que n\u00e3o se desloquem ao Campus e que aguardem novas informa\u00e7\u00f5es, que ser\u00e3o prestadas durante o dia de hoje.<\/p>\n\n\n\n<p>As atividades letivas da Nova SBE continuam a funcionar sob a forma de ensino \u00e0 dist\u00e2ncia, tal como tinha sido j\u00e1 adotado pela Universidade NOVA de Lisboa desde o dia 11 mar\u00e7o e que foi ontem, dia 12 de mar\u00e7o, recomendado pelo Governo portugu\u00eas.<\/p>\n\n\n\n<p>A Universidade NOVA de Lisboa e a Nova SBE exortam, neste per\u00edodo dif\u00edcil e incerto, todos os membros das suas diversas comunidades ao respeito de cada um pelas normas recomendadas pelas autoridades de sa\u00fade e pelas constantes no Plano de Conting\u00eancia da NOVA para o combate \u00e0 COVID-19, pedindo que continuem a cumprir essas recomenda\u00e7\u00f5es, nomeadamente as regras mais restritivas apresentadas pelo Conselho de Ministros durante esta noite.<\/p>\n","protected":false},"excerpt":{"rendered":"<p>Nova SBE e NOVA IMS com instala\u00e7\u00f5es encerradas Membro da comunidade estudantil da NOVA IMS com resultado positivo no teste \u00e0 COVID-19 &#8211; Escola encontra-se encerrada A NOVA Information Management School (NOVA IMS) teve hoje, dia 13 de mar\u00e7o de 2020, conhecimento de um resultado positivo ao teste \u00e0 COVID-19. Trata-se de um membro da &#8230; <a title=\"13 de mar\u00e7o de 2020\" class=\"read-more\" href=\"https:\/\/covid360.unl.pt\/?p=402\">Ler mais <span class=\"screen-reader-text\">13 de mar\u00e7o de 2020<\/span><\/a><\/p>\n","protected":false},"author":4,"featured_media":0,"comment_status":"closed","ping_status":"closed","sticky":false,"template":"","format":"standard","meta":[],"categories":[9],"tags":[],"_links":{"self":[{"href":"https:\/\/covid360.unl.pt\/index.php?rest_route=\/wp\/v2\/posts\/402"}],"collection":[{"href":"https:\/\/covid360.unl.pt\/index.php?rest_route=\/wp\/v2\/posts"}],"about":[{"href":"https:\/\/covid360.unl.pt\/index.php?rest_route=\/wp\/v2\/types\/post"}],"author":[{"embeddable":true,"href":"https:\/\/covid360.unl.pt\/index.php?rest_route=\/wp\/v2\/users\/4"}],"replies":[{"embeddable":true,"href":"https:\/\/covid360.unl.pt\/index.php?rest_route=%2Fwp%2Fv2%2Fcomments&post=402"}],"version-history":[{"count":9,"href":"https:\/\/covid360.unl.pt\/index.php?rest_route=\/wp\/v2\/posts\/402\/revisions"}],"predecessor-version":[{"id":702,"href":"https:\/\/covid360.unl.pt\/index.php?rest_route=\/wp\/v2\/posts\/402\/revisions\/702"}],"wp:attachment":[{"href":"https:\/\/covid360.unl.pt\/index.php?rest_route=%2Fwp%2Fv2%2Fmedia&parent=402"}],"wp:term":[{"taxonomy":"category","embeddable":true,"href":"https:\/\/covid360.unl.pt\/index.php?rest_route=%2Fwp%2Fv2%2Fcategories&post=402"},{"taxonomy":"post_tag","embeddable":true,"href":"https:\/\/covid360.unl.pt\/index.php?rest_route=%2Fwp%2Fv2%2Ftags&post=402"}],"curies":[{"name":"wp","href":"https:\/\/api.w.org\/{rel}","templated":true}]}}