{"id":471,"date":"2020-03-31T17:57:00","date_gmt":"2020-03-31T17:57:00","guid":{"rendered":"http:\/\/covid360.unl.pt\/?p=471"},"modified":"2020-04-02T16:11:09","modified_gmt":"2020-04-02T16:11:09","slug":"equipa-da-fct-nova-produz-300-litros-de-gel-desinfetante","status":"publish","type":"post","link":"https:\/\/covid360.unl.pt\/?p=471","title":{"rendered":"Equipa da FCT NOVA produz 300 litros de gel desinfetante"},"content":{"rendered":"\n<p class=\"has-small-font-size\"><em>31 mar 2020<\/em><\/p>\n\n\n<p><img loading=\"lazy\" class=\"size-full wp-image-366 alignleft\" src=\"http:\/\/covid360.unl.pt\/wp-content\/uploads\/2020\/03\/gel.jpg\" alt=\"\" width=\"300\" height=\"180\" \/>Investigadores da <strong>Faculdade de Ci\u00eancias e Tecnologia da NOVA (FCT NOVA)<\/strong> produziram cerca de 300 litros de gel desinfetante que ser\u00e3o entregues a hospitais da regi\u00e3o de Lisboa, com o objetivo de ajudar os profissionais de sa\u00fade na luta contra a pandemia do Covid-19.<\/p>\n<p>Esta a\u00e7\u00e3o contou com a contribui\u00e7\u00e3o dos v\u00e1rios laborat\u00f3rios da UCIBIO, LAQV e MARE na FCT NOVA atrav\u00e9s da disponibiliza\u00e7\u00e3o de reagentes.<!--more--><\/p>\n<p>Mais informa\u00e7\u00e3o no<a href=\"https:\/\/www.fct.unl.pt\/noticias\/2020\/03\/equipa-da-fct-nova-produz-300-litros-de-gel-desinfetante\" target=\"_blank\" rel=\"noopener noreferrer\"> site da FCT NOVA<\/a>.<\/p>\n<p><strong>Nas not\u00edcias<\/strong><\/p>\n<p>SIC \u2013\u00a0<a href=\"https:\/\/sicnoticias.pt\/especiais\/coronavirus\/2020-04-02-Faculdade-de-Ciencias-e-Tecnologia-produz-mascaras-e-gel-desinfetante\" target=\"_blank\" rel=\"noopener noreferrer\">Faculdade de Ci\u00eancias e Tecnologia produz m\u00e1scaras e gel desinfetante<\/a><br \/>Exame Inform\u00e1tica \u2013\u00a0<a href=\"https:\/\/visao.sapo.pt\/exameinformatica\/noticias-ei\/mercados\/2020-04-01-covid-19-fct-nova-produz-mascaras-e-gel-desinfetante-para-entregar-a-hospitais\/\" target=\"_blank\" rel=\"noopener noreferrer\">Covid-19: FCT NOVA produz m\u00e1scaras e gel desinfetante para entregar a hospitais<\/a><br \/>Mais Superior \u2013\u00a0<a href=\"https:\/\/maissuperior.com\/2020\/04\/02\/fct-nova-produz-300-litros-de-gel-desinfetante-e-400-mascaras\/\" target=\"_blank\" rel=\"noopener noreferrer\">FCT NOVA produz 300 litros de gel desinfetante e 400 m\u00e1scaras<\/a><br \/>F\u00f3rum Estudante \u2013\u00a0<a href=\"https:\/\/forum.pt\/instituicoes\/covid-19-fct-nova-produziu-300-litros-de-gel-desinfetante-e-400-mascaras\" target=\"_blank\" rel=\"noopener noreferrer\">Covid-19. FCT NOVA produziu 300 litros de gel desinfetante e 400 m\u00e1scaras<\/a><br \/>Atlas da Sa\u00fade \u2013\u00a0<a href=\"https:\/\/www.atlasdasaude.pt\/noticias\/faculdade-de-ciencias-e-tecnologia-produz-300-litros-de-gel-desinfetante-e-400-mascaras\" target=\"_blank\" rel=\"noopener noreferrer\">Faculdade de Ci\u00eancias e Tecnologia produz 300 litros de gel desinfetante e 400 m\u00e1scaras<\/a><br \/>Dinheiro Vivo \u2013\u00a0<a href=\"https:\/\/www.dinheirovivo.pt\/economia\/fct-nova-produz-300-litros-de-gel-desinfetante-e-400-mascaras\/\" target=\"_blank\" rel=\"noopener noreferrer\">FCT NOVA produz 300 litros de gel desinfetante e 400 m\u00e1scaras<\/a><\/p>","protected":false},"excerpt":{"rendered":"<p>31 mar 2020 Investigadores da Faculdade de Ci\u00eancias e Tecnologia da NOVA (FCT NOVA) produziram cerca de 300 litros de gel desinfetante que ser\u00e3o entregues a hospitais da regi\u00e3o de Lisboa, com o objetivo de ajudar os profissionais de sa\u00fade na luta contra a pandemia do Covid-19. Esta a\u00e7\u00e3o contou com a contribui\u00e7\u00e3o dos v\u00e1rios &#8230; <a title=\"Equipa da FCT NOVA produz 300 litros de gel desinfetante\" class=\"read-more\" href=\"https:\/\/covid360.unl.pt\/?p=471\">Ler mais <span class=\"screen-reader-text\">Equipa da FCT NOVA produz 300 litros de gel desinfetante<\/span><\/a><\/p>\n","protected":false},"author":3,"featured_media":0,"comment_status":"closed","ping_status":"open","sticky":false,"template":"","format":"standard","meta":[],"categories":[4],"tags":[],"_links":{"self":[{"href":"https:\/\/covid360.unl.pt\/index.php?rest_route=\/wp\/v2\/posts\/471"}],"collection":[{"href":"https:\/\/covid360.unl.pt\/index.php?rest_route=\/wp\/v2\/posts"}],"about":[{"href":"https:\/\/covid360.unl.pt\/index.php?rest_route=\/wp\/v2\/types\/post"}],"author":[{"embeddable":true,"href":"https:\/\/covid360.unl.pt\/index.php?rest_route=\/wp\/v2\/users\/3"}],"replies":[{"embeddable":true,"href":"https:\/\/covid360.unl.pt\/index.php?rest_route=%2Fwp%2Fv2%2Fcomments&post=471"}],"version-history":[{"count":8,"href":"https:\/\/covid360.unl.pt\/index.php?rest_route=\/wp\/v2\/posts\/471\/revisions"}],"predecessor-version":[{"id":727,"href":"https:\/\/covid360.unl.pt\/index.php?rest_route=\/wp\/v2\/posts\/471\/revisions\/727"}],"wp:attachment":[{"href":"https:\/\/covid360.unl.pt\/index.php?rest_route=%2Fwp%2Fv2%2Fmedia&parent=471"}],"wp:term":[{"taxonomy":"category","embeddable":true,"href":"https:\/\/covid360.unl.pt\/index.php?rest_route=%2Fwp%2Fv2%2Fcategories&post=471"},{"taxonomy":"post_tag","embeddable":true,"href":"https:\/\/covid360.unl.pt\/index.php?rest_route=%2Fwp%2Fv2%2Ftags&post=471"}],"curies":[{"name":"wp","href":"https:\/\/api.w.org\/{rel}","templated":true}]}}