{"id":473,"date":"2020-03-31T17:58:00","date_gmt":"2020-03-31T17:58:00","guid":{"rendered":"http:\/\/covid360.unl.pt\/?p=473"},"modified":"2020-04-02T16:01:22","modified_gmt":"2020-04-02T16:01:22","slug":"alunos-da-fct-nova-disponibilizam-modelo-de-viseiras-para-fazer-em-casa","status":"publish","type":"post","link":"https:\/\/covid360.unl.pt\/?p=473","title":{"rendered":"Alunos da FCT NOVA disponibilizam modelo de viseiras para fazer em casa"},"content":{"rendered":"\n<p class=\"has-small-font-size\"><em>31 mar 2020<\/em><\/p>\n\n\n<p><img loading=\"lazy\" class=\"size-large wp-image-495 alignleft\" src=\"http:\/\/covid360.unl.pt\/wp-content\/uploads\/2020\/04\/Untitled-design-2.png\" alt=\"\" width=\"300\" height=\"180\">Quatro alunos do Mestrado Integrado em Engenharia Mec\u00e2nica da <strong>Faculdade de Ci\u00eancias e Tecnologia da NOVA (FCT NOVA)<\/strong> disponibilizaram um modelo de viseira que pode fazer em casa.<\/p>\n<p>Os alunos juntaram materiais de f\u00e1cil acesso e demonstraram como o fabrico das viseiras pode ser simples, barato e r\u00e1pido. Os alunos produziram um v\u00eddeo com instru\u00e7\u00f5es, medidas e passos a seguir.<\/p>\n<p>Mais informa\u00e7\u00f5es no <a href=\"https:\/\/www.fct.unl.pt\/noticias\/2020\/03\/alunos-da-fct-nova-disponibilizam-modelo-de-viseiras-para-fazer-em-casa\">site da FCT NOVA<\/a>.<\/p>\n\n\n<p><\/p>\n","protected":false},"excerpt":{"rendered":"<p>31 mar 2020 Quatro alunos do Mestrado Integrado em Engenharia Mec\u00e2nica da Faculdade de Ci\u00eancias e Tecnologia da NOVA (FCT NOVA) disponibilizaram um modelo de viseira que pode fazer em casa. Os alunos juntaram materiais de f\u00e1cil acesso e demonstraram como o fabrico das viseiras pode ser simples, barato e r\u00e1pido. Os alunos produziram um &#8230; <a title=\"Alunos da FCT NOVA disponibilizam modelo de viseiras para fazer em casa\" class=\"read-more\" href=\"https:\/\/covid360.unl.pt\/?p=473\">Ler mais <span class=\"screen-reader-text\">Alunos da FCT NOVA disponibilizam modelo de viseiras para fazer em casa<\/span><\/a><\/p>\n","protected":false},"author":3,"featured_media":0,"comment_status":"closed","ping_status":"open","sticky":false,"template":"","format":"standard","meta":[],"categories":[4],"tags":[],"_links":{"self":[{"href":"https:\/\/covid360.unl.pt\/index.php?rest_route=\/wp\/v2\/posts\/473"}],"collection":[{"href":"https:\/\/covid360.unl.pt\/index.php?rest_route=\/wp\/v2\/posts"}],"about":[{"href":"https:\/\/covid360.unl.pt\/index.php?rest_route=\/wp\/v2\/types\/post"}],"author":[{"embeddable":true,"href":"https:\/\/covid360.unl.pt\/index.php?rest_route=\/wp\/v2\/users\/3"}],"replies":[{"embeddable":true,"href":"https:\/\/covid360.unl.pt\/index.php?rest_route=%2Fwp%2Fv2%2Fcomments&post=473"}],"version-history":[{"count":8,"href":"https:\/\/covid360.unl.pt\/index.php?rest_route=\/wp\/v2\/posts\/473\/revisions"}],"predecessor-version":[{"id":718,"href":"https:\/\/covid360.unl.pt\/index.php?rest_route=\/wp\/v2\/posts\/473\/revisions\/718"}],"wp:attachment":[{"href":"https:\/\/covid360.unl.pt\/index.php?rest_route=%2Fwp%2Fv2%2Fmedia&parent=473"}],"wp:term":[{"taxonomy":"category","embeddable":true,"href":"https:\/\/covid360.unl.pt\/index.php?rest_route=%2Fwp%2Fv2%2Fcategories&post=473"},{"taxonomy":"post_tag","embeddable":true,"href":"https:\/\/covid360.unl.pt\/index.php?rest_route=%2Fwp%2Fv2%2Ftags&post=473"}],"curies":[{"name":"wp","href":"https:\/\/api.w.org\/{rel}","templated":true}]}}